{"id":4770,"date":"2026-09-01T14:00:19","date_gmt":"2026-09-01T20:00:19","guid":{"rendered":"https:\/\/procrea.mx\/?p=4770"},"modified":"2026-09-01T14:09:58","modified_gmt":"2026-09-01T20:09:58","slug":"cuando-es-el-mejor-momento-para-medir-tu-hormona-antimulleriana","status":"publish","type":"post","link":"https:\/\/procrea.mx\/en\/cuando-es-el-mejor-momento-para-medir-tu-hormona-antimulleriana\/","title":{"rendered":"\u00bfCu\u00e1ndo es el mejor momento para medir tu hormona antim\u00fclleriana?"},"content":{"rendered":"<p><span style=\"font-weight: 400;\">The <\/span><b>antim\u00fcllerian hormone<\/b><span style=\"font-weight: 400;\"> es uno de los marcadores m\u00e1s utilizados para evaluar la reserva ov\u00e1rica y tambi\u00e9n uno de los que m\u00e1s preguntas genera. \u00bfCu\u00e1ndo medirla? \u00bfCada cu\u00e1nto? \u00bfQu\u00e9 significa el resultado? Conocer el momento adecuado para realizar este estudio puede marcar una diferencia importante en las decisiones que tomes sobre tu fertilidad. En <\/span><a href=\"https:\/\/procrea.mx\/\"><b>Procrea<\/b><\/a><span style=\"font-weight: 400;\"> puedes <\/span><a href=\"https:\/\/procrea.mx\/contacto\/\"><b>agendar una consulta<\/b><\/a><span style=\"font-weight: 400;\"> o conocer a <\/span><a href=\"https:\/\/procrea.mx\/cuerpo-medico\/\"><b>nuestro cuerpo m\u00e9dico<\/b><\/a><span style=\"font-weight: 400;\"> para recibir orientaci\u00f3n clara y personalizada.<\/span><\/p>\n<h2><b>What is <\/b><b>antim\u00fcllerian hormone<\/b><b>?<\/b><\/h2>\n<p><span style=\"font-weight: 400;\">The <\/span><b>antim\u00fcllerian hormone<\/b><span style=\"font-weight: 400;\">, tambi\u00e9n conocida como AMH, es una prote\u00edna producida por las c\u00e9lulas de los fol\u00edculos ov\u00e1ricos. Sus niveles en sangre reflejan de forma indirecta la cantidad de fol\u00edculos disponibles en los ovarios, lo que la convierte en uno de los indicadores m\u00e1s confiables de la reserva ov\u00e1rica.<\/span><\/p>\n<p><span style=\"font-weight: 400;\">A diferencia de otras hormonas reproductivas, la AMH se mantiene relativamente estable a lo largo del ciclo menstrual, lo que facilita su medici\u00f3n en cualquier momento del mes.<\/span><\/p>\n<h2><b>\u00bfCu\u00e1ndo es el mejor momento para medirla?<\/b><\/h2>\n<p><span style=\"font-weight: 400;\">No existe un momento \u00fanico o perfecto, todo depende del contexto de cada paciente. Sin embargo, hay situaciones en las que medir la <\/span><b>antim\u00fcllerian hormone<\/b><span style=\"font-weight: 400;\"> es especialmente relevante:<\/span><\/p>\n<ul>\n<li style=\"font-weight: 400;\" aria-level=\"1\"><b>Antes de los 35 a\u00f1os<\/b><span style=\"font-weight: 400;\">, nos ayuda a conocer la reserva ov\u00e1rica, en esta etapa permite tomar decisiones informadas sobre el momento de buscar embarazo o considerar la preservaci\u00f3n de fertilidad antes de que la reserva disminuya.<\/span><\/li>\n<li style=\"font-weight: 400;\" aria-level=\"1\"><b>Cuando se lleva tiempo buscando embarazo sin resultado<\/b><span style=\"font-weight: 400;\">, pues la AMH forma parte del estudio b\u00e1sico de fertilidad y ayuda al especialista a entender el punto de partida y dise\u00f1ar el plan m\u00e1s adecuado.<\/span><\/li>\n<li style=\"font-weight: 400;\" aria-level=\"1\"><b>Antes de iniciar un tratamiento de reproducci\u00f3n asistida<\/b><span style=\"font-weight: 400;\">, ya que sus niveles orientan el protocolo de estimulaci\u00f3n ov\u00e1rica y las expectativas del tratamiento.<\/span><\/li>\n<li style=\"font-weight: 400;\" aria-level=\"1\"><b>Ante antecedentes de menopausia temprana en la familia, <\/b><span style=\"font-weight: 400;\">pues existen casos de falla ov\u00e1rica prematura en familiares cercanas, medir la AMH de forma anticipada puede ser especialmente \u00fatil.<\/span><\/li>\n<\/ul>\n<h2><b>\u00bfCada cu\u00e1nto debe medirse?<\/b><\/h2>\n<p><span style=\"font-weight: 400;\">The <\/span><b>antim\u00fcllerian hormone<\/b><span style=\"font-weight: 400;\"> no requiere medirse con frecuencia. En la mayor\u00eda de los casos, una medici\u00f3n anual es suficiente para monitorear su evoluci\u00f3n, aunque el especialista puede indicar una frecuencia diferente seg\u00fan el caso cl\u00ednico.<\/span><\/p>\n<h2><b>\u00bfUn resultado bajo significa que no puedo quedar embarazada?<\/b><\/h2>\n<p><span style=\"font-weight: 400;\">No. La AMH es un dato cl\u00ednico que debe interpretarse en contexto junto con la edad, el conteo de fol\u00edculos antrales y el historial reproductivo de cada paciente. Un resultado bajo indica menor reserva, pero no define las posibilidades reproductivas de forma absoluta.<\/span><\/p>\n<p><span style=\"font-weight: 400;\">Conocer tus niveles de <\/span><b>antim\u00fcllerian hormone<\/b><span style=\"font-weight: 400;\"> es una herramienta poderosa para tomar decisiones informadas sobre tu fertilidad. En <\/span><a href=\"https:\/\/procrea.mx\/\"><b>Procrea<\/b><\/a><span style=\"font-weight: 400;\"> interpretamos cada resultado con la perspectiva que merece. Puedes conocer a <\/span><a href=\"https:\/\/procrea.mx\/cuerpo-medico\/\"><b>nuestro cuerpo m\u00e9dico<\/b><\/a><span style=\"font-weight: 400;\"> and <\/span><a href=\"https:\/\/procrea.mx\/contacto\/\"><b>agendar una consulta.<\/b><\/a><\/p>","protected":false},"excerpt":{"rendered":"<p>La hormona antim\u00fclleriana es uno de los marcadores m\u00e1s utilizados para evaluar la reserva ov\u00e1rica y tambi\u00e9n uno de los que m\u00e1s preguntas genera. \u00bfCu\u00e1ndo medirla? \u00bfCada cu\u00e1nto? \u00bfQu\u00e9 significa el resultado? Conocer el momento adecuado para realizar este estudio puede marcar una diferencia importante en las decisiones que tomes sobre tu fertilidad. En Procrea [&hellip;]<\/p>\n","protected":false},"author":5,"featured_media":4773,"comment_status":"open","ping_status":"open","sticky":false,"template":"","format":"standard","meta":{"footnotes":""},"categories":[91,66,123,170,47,52],"tags":[49,266,82,277,110],"class_list":["post-4770","post","type-post","status-publish","format-standard","has-post-thumbnail","hentry","category-causas-de-infertilidad","category-embarazo","category-fertilidad","category-fertilizacion-in-vitro","category-infertilidad","category-servicios","tag-causas-de-infertilidad","tag-consulta-de-fertilidad","tag-esperma","tag-fertilidad-en-hombres","tag-infertilidad-masculina"],"yoast_head":"<!-- This site is optimized with the Yoast SEO plugin v27.4 - https:\/\/yoast.com\/product\/yoast-seo-wordpress\/ -->\n<title>\u00bfCu\u00e1ndo es el mejor momento para medir tu hormona antim\u00fclleriana? | Procrea<\/title>\n<meta name=\"description\" content=\"Hormona antim\u00fclleriana: descubre cu\u00e1ndo es el mejor momento para medirla y qu\u00e9 dice sobre tu reserva ov\u00e1rica. Inf\u00f3rmate en Procrea.\" \/>\n<meta name=\"robots\" content=\"index, follow, max-snippet:-1, max-image-preview:large, max-video-preview:-1\" \/>\n<link rel=\"canonical\" href=\"https:\/\/procrea.mx\/en\/cuando-es-el-mejor-momento-para-medir-tu-hormona-antimulleriana\/\" \/>\n<meta property=\"og:locale\" content=\"en_GB\" \/>\n<meta property=\"og:type\" content=\"article\" \/>\n<meta property=\"og:title\" content=\"\u00bfCu\u00e1ndo es el mejor momento para medir tu hormona antim\u00fclleriana? | Procrea\" \/>\n<meta property=\"og:description\" content=\"Hormona antim\u00fclleriana: descubre cu\u00e1ndo es el mejor momento para medirla y qu\u00e9 dice sobre tu reserva ov\u00e1rica. Inf\u00f3rmate en Procrea.\" \/>\n<meta property=\"og:url\" content=\"https:\/\/procrea.mx\/en\/cuando-es-el-mejor-momento-para-medir-tu-hormona-antimulleriana\/\" \/>\n<meta property=\"og:site_name\" content=\"Procrea\" \/>\n<meta property=\"article:publisher\" content=\"https:\/\/www.facebook.com\/procreamx\" \/>\n<meta property=\"article:published_time\" content=\"2026-09-01T20:00:19+00:00\" \/>\n<meta property=\"article:modified_time\" content=\"2026-09-01T20:09:58+00:00\" \/>\n<meta property=\"og:image\" content=\"https:\/\/procrea.mx\/wp-content\/uploads\/2026\/09\/B_Hormona-antimulleriana-1.jpg\" \/>\n\t<meta property=\"og:image:width\" content=\"1920\" \/>\n\t<meta property=\"og:image:height\" content=\"977\" \/>\n\t<meta property=\"og:image:type\" content=\"image\/jpeg\" \/>\n<meta name=\"author\" content=\"Marketing\" \/>\n<meta name=\"twitter:card\" content=\"summary_large_image\" \/>\n<meta name=\"twitter:label1\" content=\"Written by\" \/>\n\t<meta name=\"twitter:data1\" content=\"Marketing\" \/>\n\t<meta name=\"twitter:label2\" content=\"Estimated reading time\" \/>\n\t<meta name=\"twitter:data2\" content=\"3 minutes\" \/>\n<script type=\"application\/ld+json\" class=\"yoast-schema-graph\">{\"@context\":\"https:\\\/\\\/schema.org\",\"@graph\":[{\"@type\":\"Article\",\"@id\":\"https:\\\/\\\/procrea.mx\\\/cuando-es-el-mejor-momento-para-medir-tu-hormona-antimulleriana\\\/#article\",\"isPartOf\":{\"@id\":\"https:\\\/\\\/procrea.mx\\\/cuando-es-el-mejor-momento-para-medir-tu-hormona-antimulleriana\\\/\"},\"author\":{\"name\":\"Marketing\",\"@id\":\"https:\\\/\\\/procrea.mx\\\/#\\\/schema\\\/person\\\/71417c13e0b0a797f95aaf79825722aa\"},\"headline\":\"\u00bfCu\u00e1ndo es el mejor momento para medir tu hormona antim\u00fclleriana?\",\"datePublished\":\"2026-09-01T20:00:19+00:00\",\"dateModified\":\"2026-09-01T20:09:58+00:00\",\"mainEntityOfPage\":{\"@id\":\"https:\\\/\\\/procrea.mx\\\/cuando-es-el-mejor-momento-para-medir-tu-hormona-antimulleriana\\\/\"},\"wordCount\":492,\"commentCount\":0,\"publisher\":{\"@id\":\"https:\\\/\\\/procrea.mx\\\/#organization\"},\"image\":{\"@id\":\"https:\\\/\\\/procrea.mx\\\/cuando-es-el-mejor-momento-para-medir-tu-hormona-antimulleriana\\\/#primaryimage\"},\"thumbnailUrl\":\"https:\\\/\\\/procrea.mx\\\/wp-content\\\/uploads\\\/2026\\\/09\\\/B_Hormona-antimulleriana-1.jpg\",\"keywords\":[\"causas de infertilidad\",\"consulta de fertilidad\",\"esperma\",\"fertilidad en hombres\",\"infertilidad masculina\"],\"articleSection\":[\"Causas de infertilidad\",\"Embarazo\",\"Fertilidad\",\"Fertilizaci\u00f3n In Vitro\",\"Infertilidad\",\"Servicios\"],\"inLanguage\":\"en-GB\",\"potentialAction\":[{\"@type\":\"CommentAction\",\"name\":\"Comment\",\"target\":[\"https:\\\/\\\/procrea.mx\\\/cuando-es-el-mejor-momento-para-medir-tu-hormona-antimulleriana\\\/#respond\"]}]},{\"@type\":\"WebPage\",\"@id\":\"https:\\\/\\\/procrea.mx\\\/cuando-es-el-mejor-momento-para-medir-tu-hormona-antimulleriana\\\/\",\"url\":\"https:\\\/\\\/procrea.mx\\\/cuando-es-el-mejor-momento-para-medir-tu-hormona-antimulleriana\\\/\",\"name\":\"\u00bfCu\u00e1ndo es el mejor momento para medir tu hormona antim\u00fclleriana? | Procrea\",\"isPartOf\":{\"@id\":\"https:\\\/\\\/procrea.mx\\\/#website\"},\"primaryImageOfPage\":{\"@id\":\"https:\\\/\\\/procrea.mx\\\/cuando-es-el-mejor-momento-para-medir-tu-hormona-antimulleriana\\\/#primaryimage\"},\"image\":{\"@id\":\"https:\\\/\\\/procrea.mx\\\/cuando-es-el-mejor-momento-para-medir-tu-hormona-antimulleriana\\\/#primaryimage\"},\"thumbnailUrl\":\"https:\\\/\\\/procrea.mx\\\/wp-content\\\/uploads\\\/2026\\\/09\\\/B_Hormona-antimulleriana-1.jpg\",\"datePublished\":\"2026-09-01T20:00:19+00:00\",\"dateModified\":\"2026-09-01T20:09:58+00:00\",\"description\":\"Hormona antim\u00fclleriana: descubre cu\u00e1ndo es el mejor momento para medirla y qu\u00e9 dice sobre tu reserva ov\u00e1rica. Inf\u00f3rmate en Procrea.\",\"breadcrumb\":{\"@id\":\"https:\\\/\\\/procrea.mx\\\/cuando-es-el-mejor-momento-para-medir-tu-hormona-antimulleriana\\\/#breadcrumb\"},\"inLanguage\":\"en-GB\",\"potentialAction\":[{\"@type\":\"ReadAction\",\"target\":[\"https:\\\/\\\/procrea.mx\\\/cuando-es-el-mejor-momento-para-medir-tu-hormona-antimulleriana\\\/\"]}]},{\"@type\":\"ImageObject\",\"inLanguage\":\"en-GB\",\"@id\":\"https:\\\/\\\/procrea.mx\\\/cuando-es-el-mejor-momento-para-medir-tu-hormona-antimulleriana\\\/#primaryimage\",\"url\":\"https:\\\/\\\/procrea.mx\\\/wp-content\\\/uploads\\\/2026\\\/09\\\/B_Hormona-antimulleriana-1.jpg\",\"contentUrl\":\"https:\\\/\\\/procrea.mx\\\/wp-content\\\/uploads\\\/2026\\\/09\\\/B_Hormona-antimulleriana-1.jpg\",\"width\":1920,\"height\":977,\"caption\":\"\u00bfCu\u00e1ndo es el mejor momento para medir tu hormona antim\u00fclleriana?\"},{\"@type\":\"BreadcrumbList\",\"@id\":\"https:\\\/\\\/procrea.mx\\\/cuando-es-el-mejor-momento-para-medir-tu-hormona-antimulleriana\\\/#breadcrumb\",\"itemListElement\":[{\"@type\":\"ListItem\",\"position\":1,\"name\":\"Home\",\"item\":\"https:\\\/\\\/procrea.mx\\\/\"},{\"@type\":\"ListItem\",\"position\":2,\"name\":\"\u00bfCu\u00e1ndo es el mejor momento para medir tu hormona antim\u00fclleriana?\"}]},{\"@type\":\"WebSite\",\"@id\":\"https:\\\/\\\/procrea.mx\\\/#website\",\"url\":\"https:\\\/\\\/procrea.mx\\\/\",\"name\":\"Procrea\",\"description\":\"Procrea\",\"publisher\":{\"@id\":\"https:\\\/\\\/procrea.mx\\\/#organization\"},\"potentialAction\":[{\"@type\":\"SearchAction\",\"target\":{\"@type\":\"EntryPoint\",\"urlTemplate\":\"https:\\\/\\\/procrea.mx\\\/?s={search_term_string}\"},\"query-input\":{\"@type\":\"PropertyValueSpecification\",\"valueRequired\":true,\"valueName\":\"search_term_string\"}}],\"inLanguage\":\"en-GB\"},{\"@type\":\"Organization\",\"@id\":\"https:\\\/\\\/procrea.mx\\\/#organization\",\"name\":\"Procrea\",\"url\":\"https:\\\/\\\/procrea.mx\\\/\",\"logo\":{\"@type\":\"ImageObject\",\"inLanguage\":\"en-GB\",\"@id\":\"https:\\\/\\\/procrea.mx\\\/#\\\/schema\\\/logo\\\/image\\\/\",\"url\":\"https:\\\/\\\/procrea.mx\\\/wp-content\\\/uploads\\\/2023\\\/06\\\/logo-Procrea_page-0001.jpg\",\"contentUrl\":\"https:\\\/\\\/procrea.mx\\\/wp-content\\\/uploads\\\/2023\\\/06\\\/logo-Procrea_page-0001.jpg\",\"width\":1275,\"height\":386,\"caption\":\"Procrea\"},\"image\":{\"@id\":\"https:\\\/\\\/procrea.mx\\\/#\\\/schema\\\/logo\\\/image\\\/\"},\"sameAs\":[\"https:\\\/\\\/www.facebook.com\\\/procreamx\",\"https:\\\/\\\/www.instagram.com\\\/procrea_mx\\\/\",\"https:\\\/\\\/www.youtube.com\\\/@procreacentrodereproduccio3887\"]},{\"@type\":\"Person\",\"@id\":\"https:\\\/\\\/procrea.mx\\\/#\\\/schema\\\/person\\\/71417c13e0b0a797f95aaf79825722aa\",\"name\":\"Marketing\",\"image\":{\"@type\":\"ImageObject\",\"inLanguage\":\"en-GB\",\"@id\":\"https:\\\/\\\/secure.gravatar.com\\\/avatar\\\/11253a21a7c349c355841b41613b21bcb440963519de83f0507c1dd28f74839f?s=96&d=mm&r=g\",\"url\":\"https:\\\/\\\/secure.gravatar.com\\\/avatar\\\/11253a21a7c349c355841b41613b21bcb440963519de83f0507c1dd28f74839f?s=96&d=mm&r=g\",\"contentUrl\":\"https:\\\/\\\/secure.gravatar.com\\\/avatar\\\/11253a21a7c349c355841b41613b21bcb440963519de83f0507c1dd28f74839f?s=96&d=mm&r=g\",\"caption\":\"Marketing\"},\"url\":\"https:\\\/\\\/procrea.mx\\\/en\\\/author\\\/marketing\\\/\"}]}<\/script>\n<!-- \/ Yoast SEO plugin. -->","yoast_head_json":{"title":"\u00bfCu\u00e1ndo es el mejor momento para medir tu hormona antim\u00fclleriana? | Procrea","description":"Hormona antim\u00fclleriana: descubre cu\u00e1ndo es el mejor momento para medirla y qu\u00e9 dice sobre tu reserva ov\u00e1rica. Inf\u00f3rmate en Procrea.","robots":{"index":"index","follow":"follow","max-snippet":"max-snippet:-1","max-image-preview":"max-image-preview:large","max-video-preview":"max-video-preview:-1"},"canonical":"https:\/\/procrea.mx\/en\/cuando-es-el-mejor-momento-para-medir-tu-hormona-antimulleriana\/","og_locale":"en_GB","og_type":"article","og_title":"\u00bfCu\u00e1ndo es el mejor momento para medir tu hormona antim\u00fclleriana? | Procrea","og_description":"Hormona antim\u00fclleriana: descubre cu\u00e1ndo es el mejor momento para medirla y qu\u00e9 dice sobre tu reserva ov\u00e1rica. Inf\u00f3rmate en Procrea.","og_url":"https:\/\/procrea.mx\/en\/cuando-es-el-mejor-momento-para-medir-tu-hormona-antimulleriana\/","og_site_name":"Procrea","article_publisher":"https:\/\/www.facebook.com\/procreamx","article_published_time":"2026-09-01T20:00:19+00:00","article_modified_time":"2026-09-01T20:09:58+00:00","og_image":[{"width":1920,"height":977,"url":"https:\/\/procrea.mx\/wp-content\/uploads\/2026\/09\/B_Hormona-antimulleriana-1.jpg","type":"image\/jpeg"}],"author":"Marketing","twitter_card":"summary_large_image","twitter_misc":{"Written by":"Marketing","Estimated reading time":"3 minutes"},"schema":{"@context":"https:\/\/schema.org","@graph":[{"@type":"Article","@id":"https:\/\/procrea.mx\/cuando-es-el-mejor-momento-para-medir-tu-hormona-antimulleriana\/#article","isPartOf":{"@id":"https:\/\/procrea.mx\/cuando-es-el-mejor-momento-para-medir-tu-hormona-antimulleriana\/"},"author":{"name":"Marketing","@id":"https:\/\/procrea.mx\/#\/schema\/person\/71417c13e0b0a797f95aaf79825722aa"},"headline":"\u00bfCu\u00e1ndo es el mejor momento para medir tu hormona antim\u00fclleriana?","datePublished":"2026-09-01T20:00:19+00:00","dateModified":"2026-09-01T20:09:58+00:00","mainEntityOfPage":{"@id":"https:\/\/procrea.mx\/cuando-es-el-mejor-momento-para-medir-tu-hormona-antimulleriana\/"},"wordCount":492,"commentCount":0,"publisher":{"@id":"https:\/\/procrea.mx\/#organization"},"image":{"@id":"https:\/\/procrea.mx\/cuando-es-el-mejor-momento-para-medir-tu-hormona-antimulleriana\/#primaryimage"},"thumbnailUrl":"https:\/\/procrea.mx\/wp-content\/uploads\/2026\/09\/B_Hormona-antimulleriana-1.jpg","keywords":["causas de infertilidad","consulta de fertilidad","esperma","fertilidad en hombres","infertilidad masculina"],"articleSection":["Causas de infertilidad","Embarazo","Fertilidad","Fertilizaci\u00f3n In Vitro","Infertilidad","Servicios"],"inLanguage":"en-GB","potentialAction":[{"@type":"CommentAction","name":"Comment","target":["https:\/\/procrea.mx\/cuando-es-el-mejor-momento-para-medir-tu-hormona-antimulleriana\/#respond"]}]},{"@type":"WebPage","@id":"https:\/\/procrea.mx\/cuando-es-el-mejor-momento-para-medir-tu-hormona-antimulleriana\/","url":"https:\/\/procrea.mx\/cuando-es-el-mejor-momento-para-medir-tu-hormona-antimulleriana\/","name":"\u00bfCu\u00e1ndo es el mejor momento para medir tu hormona antim\u00fclleriana? | Procrea","isPartOf":{"@id":"https:\/\/procrea.mx\/#website"},"primaryImageOfPage":{"@id":"https:\/\/procrea.mx\/cuando-es-el-mejor-momento-para-medir-tu-hormona-antimulleriana\/#primaryimage"},"image":{"@id":"https:\/\/procrea.mx\/cuando-es-el-mejor-momento-para-medir-tu-hormona-antimulleriana\/#primaryimage"},"thumbnailUrl":"https:\/\/procrea.mx\/wp-content\/uploads\/2026\/09\/B_Hormona-antimulleriana-1.jpg","datePublished":"2026-09-01T20:00:19+00:00","dateModified":"2026-09-01T20:09:58+00:00","description":"Hormona antim\u00fclleriana: descubre cu\u00e1ndo es el mejor momento para medirla y qu\u00e9 dice sobre tu reserva ov\u00e1rica. Inf\u00f3rmate en Procrea.","breadcrumb":{"@id":"https:\/\/procrea.mx\/cuando-es-el-mejor-momento-para-medir-tu-hormona-antimulleriana\/#breadcrumb"},"inLanguage":"en-GB","potentialAction":[{"@type":"ReadAction","target":["https:\/\/procrea.mx\/cuando-es-el-mejor-momento-para-medir-tu-hormona-antimulleriana\/"]}]},{"@type":"ImageObject","inLanguage":"en-GB","@id":"https:\/\/procrea.mx\/cuando-es-el-mejor-momento-para-medir-tu-hormona-antimulleriana\/#primaryimage","url":"https:\/\/procrea.mx\/wp-content\/uploads\/2026\/09\/B_Hormona-antimulleriana-1.jpg","contentUrl":"https:\/\/procrea.mx\/wp-content\/uploads\/2026\/09\/B_Hormona-antimulleriana-1.jpg","width":1920,"height":977,"caption":"\u00bfCu\u00e1ndo es el mejor momento para medir tu hormona antim\u00fclleriana?"},{"@type":"BreadcrumbList","@id":"https:\/\/procrea.mx\/cuando-es-el-mejor-momento-para-medir-tu-hormona-antimulleriana\/#breadcrumb","itemListElement":[{"@type":"ListItem","position":1,"name":"Home","item":"https:\/\/procrea.mx\/"},{"@type":"ListItem","position":2,"name":"\u00bfCu\u00e1ndo es el mejor momento para medir tu hormona antim\u00fclleriana?"}]},{"@type":"WebSite","@id":"https:\/\/procrea.mx\/#website","url":"https:\/\/procrea.mx\/","name":"Procrea","description":"Procrea","publisher":{"@id":"https:\/\/procrea.mx\/#organization"},"potentialAction":[{"@type":"SearchAction","target":{"@type":"EntryPoint","urlTemplate":"https:\/\/procrea.mx\/?s={search_term_string}"},"query-input":{"@type":"PropertyValueSpecification","valueRequired":true,"valueName":"search_term_string"}}],"inLanguage":"en-GB"},{"@type":"Organization","@id":"https:\/\/procrea.mx\/#organization","name":"Procrea","url":"https:\/\/procrea.mx\/","logo":{"@type":"ImageObject","inLanguage":"en-GB","@id":"https:\/\/procrea.mx\/#\/schema\/logo\/image\/","url":"https:\/\/procrea.mx\/wp-content\/uploads\/2023\/06\/logo-Procrea_page-0001.jpg","contentUrl":"https:\/\/procrea.mx\/wp-content\/uploads\/2023\/06\/logo-Procrea_page-0001.jpg","width":1275,"height":386,"caption":"Procrea"},"image":{"@id":"https:\/\/procrea.mx\/#\/schema\/logo\/image\/"},"sameAs":["https:\/\/www.facebook.com\/procreamx","https:\/\/www.instagram.com\/procrea_mx\/","https:\/\/www.youtube.com\/@procreacentrodereproduccio3887"]},{"@type":"Person","@id":"https:\/\/procrea.mx\/#\/schema\/person\/71417c13e0b0a797f95aaf79825722aa","name":"Marketing","image":{"@type":"ImageObject","inLanguage":"en-GB","@id":"https:\/\/secure.gravatar.com\/avatar\/11253a21a7c349c355841b41613b21bcb440963519de83f0507c1dd28f74839f?s=96&d=mm&r=g","url":"https:\/\/secure.gravatar.com\/avatar\/11253a21a7c349c355841b41613b21bcb440963519de83f0507c1dd28f74839f?s=96&d=mm&r=g","contentUrl":"https:\/\/secure.gravatar.com\/avatar\/11253a21a7c349c355841b41613b21bcb440963519de83f0507c1dd28f74839f?s=96&d=mm&r=g","caption":"Marketing"},"url":"https:\/\/procrea.mx\/en\/author\/marketing\/"}]}},"_links":{"self":[{"href":"https:\/\/procrea.mx\/en\/wp-json\/wp\/v2\/posts\/4770","targetHints":{"allow":["GET"]}}],"collection":[{"href":"https:\/\/procrea.mx\/en\/wp-json\/wp\/v2\/posts"}],"about":[{"href":"https:\/\/procrea.mx\/en\/wp-json\/wp\/v2\/types\/post"}],"author":[{"embeddable":true,"href":"https:\/\/procrea.mx\/en\/wp-json\/wp\/v2\/users\/5"}],"replies":[{"embeddable":true,"href":"https:\/\/procrea.mx\/en\/wp-json\/wp\/v2\/comments?post=4770"}],"version-history":[{"count":1,"href":"https:\/\/procrea.mx\/en\/wp-json\/wp\/v2\/posts\/4770\/revisions"}],"predecessor-version":[{"id":4772,"href":"https:\/\/procrea.mx\/en\/wp-json\/wp\/v2\/posts\/4770\/revisions\/4772"}],"wp:featuredmedia":[{"embeddable":true,"href":"https:\/\/procrea.mx\/en\/wp-json\/wp\/v2\/media\/4773"}],"wp:attachment":[{"href":"https:\/\/procrea.mx\/en\/wp-json\/wp\/v2\/media?parent=4770"}],"wp:term":[{"taxonomy":"category","embeddable":true,"href":"https:\/\/procrea.mx\/en\/wp-json\/wp\/v2\/categories?post=4770"},{"taxonomy":"post_tag","embeddable":true,"href":"https:\/\/procrea.mx\/en\/wp-json\/wp\/v2\/tags?post=4770"}],"curies":[{"name":"wp","href":"https:\/\/api.w.org\/{rel}","templated":true}]}}