{"id":3201,"date":"2022-06-13T08:59:20","date_gmt":"2022-06-13T13:59:20","guid":{"rendered":"https:\/\/procreamx.wpengine.com\/?p=3201"},"modified":"2022-06-13T08:59:20","modified_gmt":"2022-06-13T13:59:20","slug":"endometriosis-tratamiento-personalizado-diagnostico-y-causas","status":"publish","type":"post","link":"https:\/\/procrea.mx\/en\/endometriosis-tratamiento-personalizado-diagnostico-y-causas\/","title":{"rendered":"Endometriosis: Personalized treatment, diagnosis and causes"},"content":{"rendered":"<p><span style=\"font-weight: 400;\">Mencionar la <\/span><b>endometriosis: tratamiento<\/b><span style=\"font-weight: 400;\">, diagn\u00f3stico y causas nos lleva en primer lugar, a analizar de manera sencilla qu\u00e9 es y cu\u00e1les son las razones por las que suele aparecer. El endometrio se encuentra localizado en la cavidad uterina, su funci\u00f3n es dar refugio al \u00f3vulo fertilizado, cuando no hay embri\u00f3n, este tejido sale del cuerpo mediante la menstruaci\u00f3n.\u00a0<\/span><\/p>\n<p>&nbsp;<\/p>\n<h2><span style=\"font-weight: 400;\">Endometriosis: Causas<\/span><\/h2>\n<h3><span style=\"font-weight: 400;\">Flujo retr\u00f3grado<\/span><\/h3>\n<p><span style=\"font-weight: 400;\">Actualmente no se han comprobado cu\u00e1les son las causas espec\u00edficas que la provocan, sin embargo, hay distintas teor\u00edas que tratan de explicar su aparici\u00f3n, la m\u00e1s com\u00fan y extendida es que se debe a una menstruaci\u00f3n retr\u00f3grada, es decir que, en lugar de salir tiene un flujo anormal que lo obliga a alojarse en otros distintos al original.\u00a0<\/span><\/p>\n<p>&nbsp;<\/p>\n<h3><span style=\"font-weight: 400;\">Metaplasia cel\u00f3mica<\/span><\/h3>\n<p><span style=\"font-weight: 400;\">Esta teor\u00eda explica sugiere una mutaci\u00f3n de la c\u00e9lula, por ejemplo, peritoneal a una endometrial debido a la exposici\u00f3n a agentes ambientales u hormonales.\u00a0<\/span><\/p>\n<p>&nbsp;<\/p>\n<h3><span style=\"font-weight: 400;\">Diseminaci\u00f3n vascular\u00a0<\/span><\/h3>\n<p><span style=\"font-weight: 400;\">En esta causa, la raz\u00f3n ser\u00eda que las c\u00e9lulas endometriales se desplazan a otras partes del cuerpo lejanas a la cavidad uterina, sin embargo, no se da cuenta sobre las condiciones que debe haber para que estas se alojen en determinado sitio.\u00a0<\/span><\/p>\n<p>&nbsp;<\/p>\n<h3><span style=\"font-weight: 400;\">Residuos m\u00fcllerianos<\/span><\/h3>\n<p><span style=\"font-weight: 400;\">Esta alternativa nos dice que la endometriosis puede tener su origen en restos que se quedan presentes desde la concepci\u00f3n y al llegar la exposici\u00f3n de hormonas en la adolescencia se activan. Sin embargo, es la menos probable debido a que, en ese caso, el padecimiento se presentar\u00eda al llegar la menstruaci\u00f3n y de manera general los casos ocurren en edades m\u00e1s avanzadas.\u00a0<\/span><\/p>\n<p>&nbsp;<\/p>\n<h2><span style=\"font-weight: 400;\">Endometriosis: Diagn\u00f3stico<\/span><\/h2>\n<p><span style=\"font-weight: 400;\">En las primeras etapas de este padecimiento es muy dif\u00edcil realizar el diagn\u00f3stico debido a que los s\u00edntomas son nulos, es hasta que avanzada la enfermedad las mujeres pueden comenzar con dolores muy fuertes y periodos muy abundantes. Para poder determinar si se trata o no de endometriosis es necesario acudir con un <\/span><b>specialist<\/b><span style=\"font-weight: 400;\"> en el tema pues un estudio ginecol\u00f3gico o ultrasonido podr\u00edan pasarlo por alto.\u00a0<\/span><\/p>\n<p>&nbsp;<\/p>\n<h2><b>Endometriosis: Tratamiento<\/b><\/h2>\n<p><span style=\"font-weight: 400;\">La endometriosis no tiene cura y es necesario tenerlo claro, lo que se puede hacer es brindar distintas herramientas a las pacientes en primer lugar para atender el dolor. Por otro lado, se puede inducir el uso de algunas hormonas con el objetivo de mitigar los s\u00edntomas causados. En los casos m\u00e1s graves y avanzados se sugerir\u00e1 la intervenci\u00f3n quir\u00fargica con la finalidad de retirar el tejido cicatricial que deja a su paso el padecimiento, una cirug\u00eda realizada por un <\/span><a href=\"https:\/\/procrea.mx\/servicios\/reproduccion-asistida\/causas\/endometriosis\/\"><b>especialista en endometriosis<\/b><\/a><span style=\"font-weight: 400;\"> puede ser lo que est\u00e1s buscando para conseguir tu embarazo. <\/span><a href=\"https:\/\/procrea.mx\/contacto\/\"><b>Contact us<\/b><\/a><span style=\"font-weight: 400;\">, en <\/span><a href=\"https:\/\/procrea.mx\/\"><b>Procrea<\/b><\/a><span style=\"font-weight: 400;\"> trabajamos de la mano con m\u00e9dicos expertos en el tema.\u00a0<\/span><\/p>\n<p>&nbsp;<\/p>","protected":false},"excerpt":{"rendered":"<p>Mencionar la endometriosis: tratamiento, diagn\u00f3stico y causas nos lleva en primer lugar, a analizar de manera sencilla qu\u00e9 es y cu\u00e1les son las razones por las que suele aparecer. El endometrio se encuentra localizado en la cavidad uterina, su funci\u00f3n es dar refugio al \u00f3vulo fertilizado, cuando no hay embri\u00f3n, este tejido sale del cuerpo [&hellip;]<\/p>\n","protected":false},"author":5,"featured_media":3203,"comment_status":"open","ping_status":"open","sticky":false,"template":"","format":"standard","meta":{"footnotes":""},"categories":[91,47,44],"tags":[49,50,92,48,51],"class_list":["post-3201","post","type-post","status-publish","format-standard","has-post-thumbnail","hentry","category-causas-de-infertilidad","category-infertilidad","category-tratamientos","tag-causas-de-infertilidad","tag-endometrio","tag-endometriosis","tag-infertilidad","tag-problemas-endometriales"],"yoast_head":"<!-- This site is optimized with the Yoast SEO plugin v27.4 - https:\/\/yoast.com\/product\/yoast-seo-wordpress\/ -->\n<title>Endometriosis: Tratamiento personalizado, diagn\u00f3stico y causas | Procrea<\/title>\n<meta name=\"description\" content=\"Mencionar la endometriosis: tratamiento, diagn\u00f3stico y causas nos lleva a analizar de manera sencilla qu\u00e9 es y cu\u00e1les son las razones por las que aparece.\" \/>\n<meta name=\"robots\" content=\"index, follow, max-snippet:-1, max-image-preview:large, max-video-preview:-1\" \/>\n<link rel=\"canonical\" href=\"https:\/\/procrea.mx\/en\/endometriosis-tratamiento-personalizado-diagnostico-y-causas\/\" \/>\n<meta property=\"og:locale\" content=\"en_GB\" \/>\n<meta property=\"og:type\" content=\"article\" \/>\n<meta property=\"og:title\" content=\"Endometriosis: Tratamiento personalizado, diagn\u00f3stico y causas | Procrea\" \/>\n<meta property=\"og:description\" content=\"Mencionar la endometriosis: tratamiento, diagn\u00f3stico y causas nos lleva a analizar de manera sencilla qu\u00e9 es y cu\u00e1les son las razones por las que aparece.\" \/>\n<meta property=\"og:url\" content=\"https:\/\/procrea.mx\/en\/endometriosis-tratamiento-personalizado-diagnostico-y-causas\/\" \/>\n<meta property=\"og:site_name\" content=\"Procrea\" \/>\n<meta property=\"article:publisher\" content=\"https:\/\/www.facebook.com\/procreamx\" \/>\n<meta property=\"article:published_time\" content=\"2022-06-13T13:59:20+00:00\" \/>\n<meta property=\"og:image\" content=\"https:\/\/procrea.mx\/wp-content\/uploads\/2022\/06\/Endometriosis_-Tratamiento.jpg\" \/>\n\t<meta property=\"og:image:width\" content=\"1274\" \/>\n\t<meta property=\"og:image:height\" content=\"627\" \/>\n\t<meta property=\"og:image:type\" content=\"image\/jpeg\" \/>\n<meta name=\"author\" content=\"Marketing\" \/>\n<meta name=\"twitter:card\" content=\"summary_large_image\" \/>\n<meta name=\"twitter:label1\" content=\"Written by\" \/>\n\t<meta name=\"twitter:data1\" content=\"Marketing\" \/>\n\t<meta name=\"twitter:label2\" content=\"Estimated reading time\" \/>\n\t<meta name=\"twitter:data2\" content=\"2 minutes\" \/>\n<script type=\"application\/ld+json\" class=\"yoast-schema-graph\">{\"@context\":\"https:\\\/\\\/schema.org\",\"@graph\":[{\"@type\":\"Article\",\"@id\":\"https:\\\/\\\/procrea.mx\\\/endometriosis-tratamiento-personalizado-diagnostico-y-causas\\\/#article\",\"isPartOf\":{\"@id\":\"https:\\\/\\\/procrea.mx\\\/endometriosis-tratamiento-personalizado-diagnostico-y-causas\\\/\"},\"author\":{\"name\":\"Marketing\",\"@id\":\"https:\\\/\\\/procrea.mx\\\/#\\\/schema\\\/person\\\/71417c13e0b0a797f95aaf79825722aa\"},\"headline\":\"Endometriosis: Tratamiento personalizado, diagn\u00f3stico y causas\",\"datePublished\":\"2022-06-13T13:59:20+00:00\",\"mainEntityOfPage\":{\"@id\":\"https:\\\/\\\/procrea.mx\\\/endometriosis-tratamiento-personalizado-diagnostico-y-causas\\\/\"},\"wordCount\":489,\"commentCount\":0,\"publisher\":{\"@id\":\"https:\\\/\\\/procrea.mx\\\/#organization\"},\"image\":{\"@id\":\"https:\\\/\\\/procrea.mx\\\/endometriosis-tratamiento-personalizado-diagnostico-y-causas\\\/#primaryimage\"},\"thumbnailUrl\":\"https:\\\/\\\/procrea.mx\\\/wp-content\\\/uploads\\\/2022\\\/06\\\/Endometriosis_-Tratamiento.jpg\",\"keywords\":[\"causas de infertilidad\",\"endometrio\",\"endometriosis\",\"infertilidad\",\"problemas endometriales\"],\"articleSection\":[\"Causas de infertilidad\",\"Infertilidad\",\"Tratamientos\"],\"inLanguage\":\"en-GB\",\"potentialAction\":[{\"@type\":\"CommentAction\",\"name\":\"Comment\",\"target\":[\"https:\\\/\\\/procrea.mx\\\/endometriosis-tratamiento-personalizado-diagnostico-y-causas\\\/#respond\"]}]},{\"@type\":\"WebPage\",\"@id\":\"https:\\\/\\\/procrea.mx\\\/endometriosis-tratamiento-personalizado-diagnostico-y-causas\\\/\",\"url\":\"https:\\\/\\\/procrea.mx\\\/endometriosis-tratamiento-personalizado-diagnostico-y-causas\\\/\",\"name\":\"Endometriosis: Tratamiento personalizado, diagn\u00f3stico y causas | Procrea\",\"isPartOf\":{\"@id\":\"https:\\\/\\\/procrea.mx\\\/#website\"},\"primaryImageOfPage\":{\"@id\":\"https:\\\/\\\/procrea.mx\\\/endometriosis-tratamiento-personalizado-diagnostico-y-causas\\\/#primaryimage\"},\"image\":{\"@id\":\"https:\\\/\\\/procrea.mx\\\/endometriosis-tratamiento-personalizado-diagnostico-y-causas\\\/#primaryimage\"},\"thumbnailUrl\":\"https:\\\/\\\/procrea.mx\\\/wp-content\\\/uploads\\\/2022\\\/06\\\/Endometriosis_-Tratamiento.jpg\",\"datePublished\":\"2022-06-13T13:59:20+00:00\",\"description\":\"Mencionar la endometriosis: tratamiento, diagn\u00f3stico y causas nos lleva a analizar de manera sencilla qu\u00e9 es y cu\u00e1les son las razones por las que aparece.\",\"breadcrumb\":{\"@id\":\"https:\\\/\\\/procrea.mx\\\/endometriosis-tratamiento-personalizado-diagnostico-y-causas\\\/#breadcrumb\"},\"inLanguage\":\"en-GB\",\"potentialAction\":[{\"@type\":\"ReadAction\",\"target\":[\"https:\\\/\\\/procrea.mx\\\/endometriosis-tratamiento-personalizado-diagnostico-y-causas\\\/\"]}]},{\"@type\":\"ImageObject\",\"inLanguage\":\"en-GB\",\"@id\":\"https:\\\/\\\/procrea.mx\\\/endometriosis-tratamiento-personalizado-diagnostico-y-causas\\\/#primaryimage\",\"url\":\"https:\\\/\\\/procrea.mx\\\/wp-content\\\/uploads\\\/2022\\\/06\\\/Endometriosis_-Tratamiento.jpg\",\"contentUrl\":\"https:\\\/\\\/procrea.mx\\\/wp-content\\\/uploads\\\/2022\\\/06\\\/Endometriosis_-Tratamiento.jpg\",\"width\":1274,\"height\":627,\"caption\":\"Endometriosis_ Tratamiento\"},{\"@type\":\"BreadcrumbList\",\"@id\":\"https:\\\/\\\/procrea.mx\\\/endometriosis-tratamiento-personalizado-diagnostico-y-causas\\\/#breadcrumb\",\"itemListElement\":[{\"@type\":\"ListItem\",\"position\":1,\"name\":\"Home\",\"item\":\"https:\\\/\\\/procrea.mx\\\/\"},{\"@type\":\"ListItem\",\"position\":2,\"name\":\"Endometriosis: Tratamiento personalizado, diagn\u00f3stico y causas\"}]},{\"@type\":\"WebSite\",\"@id\":\"https:\\\/\\\/procrea.mx\\\/#website\",\"url\":\"https:\\\/\\\/procrea.mx\\\/\",\"name\":\"Procrea\",\"description\":\"Procrea\",\"publisher\":{\"@id\":\"https:\\\/\\\/procrea.mx\\\/#organization\"},\"potentialAction\":[{\"@type\":\"SearchAction\",\"target\":{\"@type\":\"EntryPoint\",\"urlTemplate\":\"https:\\\/\\\/procrea.mx\\\/?s={search_term_string}\"},\"query-input\":{\"@type\":\"PropertyValueSpecification\",\"valueRequired\":true,\"valueName\":\"search_term_string\"}}],\"inLanguage\":\"en-GB\"},{\"@type\":\"Organization\",\"@id\":\"https:\\\/\\\/procrea.mx\\\/#organization\",\"name\":\"Procrea\",\"url\":\"https:\\\/\\\/procrea.mx\\\/\",\"logo\":{\"@type\":\"ImageObject\",\"inLanguage\":\"en-GB\",\"@id\":\"https:\\\/\\\/procrea.mx\\\/#\\\/schema\\\/logo\\\/image\\\/\",\"url\":\"https:\\\/\\\/procrea.mx\\\/wp-content\\\/uploads\\\/2023\\\/06\\\/logo-Procrea_page-0001.jpg\",\"contentUrl\":\"https:\\\/\\\/procrea.mx\\\/wp-content\\\/uploads\\\/2023\\\/06\\\/logo-Procrea_page-0001.jpg\",\"width\":1275,\"height\":386,\"caption\":\"Procrea\"},\"image\":{\"@id\":\"https:\\\/\\\/procrea.mx\\\/#\\\/schema\\\/logo\\\/image\\\/\"},\"sameAs\":[\"https:\\\/\\\/www.facebook.com\\\/procreamx\",\"https:\\\/\\\/www.instagram.com\\\/procrea_mx\\\/\",\"https:\\\/\\\/www.youtube.com\\\/@procreacentrodereproduccio3887\"]},{\"@type\":\"Person\",\"@id\":\"https:\\\/\\\/procrea.mx\\\/#\\\/schema\\\/person\\\/71417c13e0b0a797f95aaf79825722aa\",\"name\":\"Marketing\",\"image\":{\"@type\":\"ImageObject\",\"inLanguage\":\"en-GB\",\"@id\":\"https:\\\/\\\/secure.gravatar.com\\\/avatar\\\/11253a21a7c349c355841b41613b21bcb440963519de83f0507c1dd28f74839f?s=96&d=mm&r=g\",\"url\":\"https:\\\/\\\/secure.gravatar.com\\\/avatar\\\/11253a21a7c349c355841b41613b21bcb440963519de83f0507c1dd28f74839f?s=96&d=mm&r=g\",\"contentUrl\":\"https:\\\/\\\/secure.gravatar.com\\\/avatar\\\/11253a21a7c349c355841b41613b21bcb440963519de83f0507c1dd28f74839f?s=96&d=mm&r=g\",\"caption\":\"Marketing\"},\"url\":\"https:\\\/\\\/procrea.mx\\\/en\\\/author\\\/marketing\\\/\"}]}<\/script>\n<!-- \/ Yoast SEO plugin. -->","yoast_head_json":{"title":"Endometriosis: Tratamiento personalizado, diagn\u00f3stico y causas | Procrea","description":"Mencionar la endometriosis: tratamiento, diagn\u00f3stico y causas nos lleva a analizar de manera sencilla qu\u00e9 es y cu\u00e1les son las razones por las que aparece.","robots":{"index":"index","follow":"follow","max-snippet":"max-snippet:-1","max-image-preview":"max-image-preview:large","max-video-preview":"max-video-preview:-1"},"canonical":"https:\/\/procrea.mx\/en\/endometriosis-tratamiento-personalizado-diagnostico-y-causas\/","og_locale":"en_GB","og_type":"article","og_title":"Endometriosis: Tratamiento personalizado, diagn\u00f3stico y causas | Procrea","og_description":"Mencionar la endometriosis: tratamiento, diagn\u00f3stico y causas nos lleva a analizar de manera sencilla qu\u00e9 es y cu\u00e1les son las razones por las que aparece.","og_url":"https:\/\/procrea.mx\/en\/endometriosis-tratamiento-personalizado-diagnostico-y-causas\/","og_site_name":"Procrea","article_publisher":"https:\/\/www.facebook.com\/procreamx","article_published_time":"2022-06-13T13:59:20+00:00","og_image":[{"width":1274,"height":627,"url":"https:\/\/procrea.mx\/wp-content\/uploads\/2022\/06\/Endometriosis_-Tratamiento.jpg","type":"image\/jpeg"}],"author":"Marketing","twitter_card":"summary_large_image","twitter_misc":{"Written by":"Marketing","Estimated reading time":"2 minutes"},"schema":{"@context":"https:\/\/schema.org","@graph":[{"@type":"Article","@id":"https:\/\/procrea.mx\/endometriosis-tratamiento-personalizado-diagnostico-y-causas\/#article","isPartOf":{"@id":"https:\/\/procrea.mx\/endometriosis-tratamiento-personalizado-diagnostico-y-causas\/"},"author":{"name":"Marketing","@id":"https:\/\/procrea.mx\/#\/schema\/person\/71417c13e0b0a797f95aaf79825722aa"},"headline":"Endometriosis: Tratamiento personalizado, diagn\u00f3stico y causas","datePublished":"2022-06-13T13:59:20+00:00","mainEntityOfPage":{"@id":"https:\/\/procrea.mx\/endometriosis-tratamiento-personalizado-diagnostico-y-causas\/"},"wordCount":489,"commentCount":0,"publisher":{"@id":"https:\/\/procrea.mx\/#organization"},"image":{"@id":"https:\/\/procrea.mx\/endometriosis-tratamiento-personalizado-diagnostico-y-causas\/#primaryimage"},"thumbnailUrl":"https:\/\/procrea.mx\/wp-content\/uploads\/2022\/06\/Endometriosis_-Tratamiento.jpg","keywords":["causas de infertilidad","endometrio","endometriosis","infertilidad","problemas endometriales"],"articleSection":["Causas de infertilidad","Infertilidad","Tratamientos"],"inLanguage":"en-GB","potentialAction":[{"@type":"CommentAction","name":"Comment","target":["https:\/\/procrea.mx\/endometriosis-tratamiento-personalizado-diagnostico-y-causas\/#respond"]}]},{"@type":"WebPage","@id":"https:\/\/procrea.mx\/endometriosis-tratamiento-personalizado-diagnostico-y-causas\/","url":"https:\/\/procrea.mx\/endometriosis-tratamiento-personalizado-diagnostico-y-causas\/","name":"Endometriosis: Tratamiento personalizado, diagn\u00f3stico y causas | Procrea","isPartOf":{"@id":"https:\/\/procrea.mx\/#website"},"primaryImageOfPage":{"@id":"https:\/\/procrea.mx\/endometriosis-tratamiento-personalizado-diagnostico-y-causas\/#primaryimage"},"image":{"@id":"https:\/\/procrea.mx\/endometriosis-tratamiento-personalizado-diagnostico-y-causas\/#primaryimage"},"thumbnailUrl":"https:\/\/procrea.mx\/wp-content\/uploads\/2022\/06\/Endometriosis_-Tratamiento.jpg","datePublished":"2022-06-13T13:59:20+00:00","description":"Mencionar la endometriosis: tratamiento, diagn\u00f3stico y causas nos lleva a analizar de manera sencilla qu\u00e9 es y cu\u00e1les son las razones por las que aparece.","breadcrumb":{"@id":"https:\/\/procrea.mx\/endometriosis-tratamiento-personalizado-diagnostico-y-causas\/#breadcrumb"},"inLanguage":"en-GB","potentialAction":[{"@type":"ReadAction","target":["https:\/\/procrea.mx\/endometriosis-tratamiento-personalizado-diagnostico-y-causas\/"]}]},{"@type":"ImageObject","inLanguage":"en-GB","@id":"https:\/\/procrea.mx\/endometriosis-tratamiento-personalizado-diagnostico-y-causas\/#primaryimage","url":"https:\/\/procrea.mx\/wp-content\/uploads\/2022\/06\/Endometriosis_-Tratamiento.jpg","contentUrl":"https:\/\/procrea.mx\/wp-content\/uploads\/2022\/06\/Endometriosis_-Tratamiento.jpg","width":1274,"height":627,"caption":"Endometriosis_ Tratamiento"},{"@type":"BreadcrumbList","@id":"https:\/\/procrea.mx\/endometriosis-tratamiento-personalizado-diagnostico-y-causas\/#breadcrumb","itemListElement":[{"@type":"ListItem","position":1,"name":"Home","item":"https:\/\/procrea.mx\/"},{"@type":"ListItem","position":2,"name":"Endometriosis: Tratamiento personalizado, diagn\u00f3stico y causas"}]},{"@type":"WebSite","@id":"https:\/\/procrea.mx\/#website","url":"https:\/\/procrea.mx\/","name":"Procrea","description":"Procrea","publisher":{"@id":"https:\/\/procrea.mx\/#organization"},"potentialAction":[{"@type":"SearchAction","target":{"@type":"EntryPoint","urlTemplate":"https:\/\/procrea.mx\/?s={search_term_string}"},"query-input":{"@type":"PropertyValueSpecification","valueRequired":true,"valueName":"search_term_string"}}],"inLanguage":"en-GB"},{"@type":"Organization","@id":"https:\/\/procrea.mx\/#organization","name":"Procrea","url":"https:\/\/procrea.mx\/","logo":{"@type":"ImageObject","inLanguage":"en-GB","@id":"https:\/\/procrea.mx\/#\/schema\/logo\/image\/","url":"https:\/\/procrea.mx\/wp-content\/uploads\/2023\/06\/logo-Procrea_page-0001.jpg","contentUrl":"https:\/\/procrea.mx\/wp-content\/uploads\/2023\/06\/logo-Procrea_page-0001.jpg","width":1275,"height":386,"caption":"Procrea"},"image":{"@id":"https:\/\/procrea.mx\/#\/schema\/logo\/image\/"},"sameAs":["https:\/\/www.facebook.com\/procreamx","https:\/\/www.instagram.com\/procrea_mx\/","https:\/\/www.youtube.com\/@procreacentrodereproduccio3887"]},{"@type":"Person","@id":"https:\/\/procrea.mx\/#\/schema\/person\/71417c13e0b0a797f95aaf79825722aa","name":"Marketing","image":{"@type":"ImageObject","inLanguage":"en-GB","@id":"https:\/\/secure.gravatar.com\/avatar\/11253a21a7c349c355841b41613b21bcb440963519de83f0507c1dd28f74839f?s=96&d=mm&r=g","url":"https:\/\/secure.gravatar.com\/avatar\/11253a21a7c349c355841b41613b21bcb440963519de83f0507c1dd28f74839f?s=96&d=mm&r=g","contentUrl":"https:\/\/secure.gravatar.com\/avatar\/11253a21a7c349c355841b41613b21bcb440963519de83f0507c1dd28f74839f?s=96&d=mm&r=g","caption":"Marketing"},"url":"https:\/\/procrea.mx\/en\/author\/marketing\/"}]}},"_links":{"self":[{"href":"https:\/\/procrea.mx\/en\/wp-json\/wp\/v2\/posts\/3201","targetHints":{"allow":["GET"]}}],"collection":[{"href":"https:\/\/procrea.mx\/en\/wp-json\/wp\/v2\/posts"}],"about":[{"href":"https:\/\/procrea.mx\/en\/wp-json\/wp\/v2\/types\/post"}],"author":[{"embeddable":true,"href":"https:\/\/procrea.mx\/en\/wp-json\/wp\/v2\/users\/5"}],"replies":[{"embeddable":true,"href":"https:\/\/procrea.mx\/en\/wp-json\/wp\/v2\/comments?post=3201"}],"version-history":[{"count":0,"href":"https:\/\/procrea.mx\/en\/wp-json\/wp\/v2\/posts\/3201\/revisions"}],"wp:featuredmedia":[{"embeddable":true,"href":"https:\/\/procrea.mx\/en\/wp-json\/wp\/v2\/media\/3203"}],"wp:attachment":[{"href":"https:\/\/procrea.mx\/en\/wp-json\/wp\/v2\/media?parent=3201"}],"wp:term":[{"taxonomy":"category","embeddable":true,"href":"https:\/\/procrea.mx\/en\/wp-json\/wp\/v2\/categories?post=3201"},{"taxonomy":"post_tag","embeddable":true,"href":"https:\/\/procrea.mx\/en\/wp-json\/wp\/v2\/tags?post=3201"}],"curies":[{"name":"wp","href":"https:\/\/api.w.org\/{rel}","templated":true}]}}