{"id":2166,"date":"2021-01-15T00:01:57","date_gmt":"2021-01-15T06:01:57","guid":{"rendered":"https:\/\/procreamx.wpengine.com\/?post_type=post-blog&#038;p=2166"},"modified":"2021-06-28T12:34:00","modified_gmt":"2021-06-28T17:34:00","slug":"es-momento-de-preservar-mi-fertilidad","status":"publish","type":"post","link":"https:\/\/procrea.mx\/en\/es-momento-de-preservar-mi-fertilidad\/","title":{"rendered":"\u00bfEs momento de preservar mi fertilidad?"},"content":{"rendered":"<p><span style=\"font-weight: 400;\">Muchas personas a nuestro alrededor comienzan a formar familias, casarse y tener hijos, parece ser su prioridad, sin embargo, t\u00fa a\u00fan est\u00e1s confundido, no sabes si realmente quieres hijos, pero asumes que de ser as\u00ed a\u00fan no es el momento indicado, t\u00fa deseas darle a tus hijos un momento especial y por esta raz\u00f3n prefieres dejarlo para despu\u00e9s.\u00a0<\/span><\/p>\n<p><span style=\"font-weight: 400;\">La siguiente pregunta es, \u00bfCu\u00e1nto tiempo es conveniente esperar?, pues es bien sabido que las c\u00e9lulas reproductoras tienden a perder calidad conforme el tiempo avanza, principalmente en el caso femenino. Si est\u00e1s teniendo todas estas dudas, es el momento adecuado para acudir con un especialista que pueda brindarte una gu\u00eda sobre estos temas, tanto si eres hombre como mujer.\u00a0<\/span><\/p>\n<p>&nbsp;<\/p>\n<h2><span style=\"font-weight: 400;\">Razones m\u00e9dicas para <\/span><a href=\"https:\/\/procrea.mx\/preservacion-de-la-fertilidad\/\"><b>preservar mi fertilidad<\/b><\/a><\/h2>\n<p><span style=\"font-weight: 400;\">Hay muchas situaciones en las que una mujer puede hacerse esta pregunta, si bien, conocemos las razones m\u00e1s comunes como lo son la edad y los planes personales y profesionales a futuro, tambi\u00e9n debemos considerar que hay enfermedades que afectan directamente este rubro, el c\u00e1ncer es uno de ellos.\u00a0<\/span><\/p>\n<p><span style=\"font-weight: 400;\">La afectaci\u00f3n de la <\/span><b>fertility <\/b><span style=\"font-weight: 400;\">viene espec\u00edficamente de los tratamientos para combatir esta terrible enfermedad m\u00e1s que por el mismo padecimiento, tanta la quimioterapia como la radioterapia trabajan directamente en la eliminaci\u00f3n de c\u00e9lulas, sin embargo, no es posible evitar que se ataquen tambi\u00e9n a c\u00e9lulas sanas, como es caso de los espermatozoides y \u00f3vulos.\u00a0<\/span><\/p>\n<p><span style=\"font-weight: 400;\">Antes de someterte a cualquier tratamiento si a\u00fan no tienes hijos y deseas hacerlo es importante que acudas a un centro de fertilidad donde puedan darte a conocer las opciones con las que cuentas. En <\/span><a href=\"https:\/\/procrea.mx\/\"><b>PROCREA <\/b><\/a><span style=\"font-weight: 400;\">manejamos bancos de semen y ovocitos con la m\u00e1s alta calidad, agenda una cita para que puedas decidir qu\u00e9 es lo que m\u00e1s te conviene.\u00a0<\/span><\/p>\n<p>&nbsp;<\/p>\n<h2><span style=\"font-weight: 400;\">Why should you do it?<\/span><\/h2>\n<p><span style=\"font-weight: 400;\">Puede ser que hoy seas una persona muy sana f\u00edsicamente, sin embargo, no sabes si en el futuro, al pasar del tiempo, tu sistema reproductor pierda incluso la capacidad de concebir, <\/span><b>preservar mi fertilidad<\/b><span style=\"font-weight: 400;\"> es decidir el futuro antes de que pase. Tener hijos a edades muy avanzadas tiene m\u00faltiples complicaciones para la gestante y de igual forma el beb\u00e9 puede sufrir un padecimiento gen\u00e9tico debido al decrecimiento de la calidad ovular o seminal.\u00a0<\/span><\/p>\n<p>&nbsp;<\/p>\n<h2><a href=\"https:\/\/procrea.mx\/\"><b>PROCREA<\/b><\/a><span style=\"font-weight: 400;\">, la mejor opci\u00f3n para <a href=\"https:\/\/procrea.mx\/preservacion-de-la-fertilidad\/\"><strong>preservar mi fertilidad<\/strong><\/a><\/span><\/h2>\n<p><span style=\"font-weight: 400;\">El lugar donde realices este tipo de procedimientos es vital, esta t\u00e9cnicas requieren ser realizadas por personas especializadas y con a\u00f1os de experiencia, adem\u00e1s se necesita contar con un laboratorio de primer nivel y tecnolog\u00eda que asegure que el material gen\u00e9tico que deseas resguardar tiene las condiciones y protecci\u00f3n adecuada tanto a nivel cient\u00edfico como legal.<\/span><\/p>","protected":false},"excerpt":{"rendered":"<p>Muchas personas a nuestro alrededor comienzan a formar familias, casarse y tener hijos, parece ser su prioridad, sin embargo, t\u00fa a\u00fan est\u00e1s confundido, no sabes si realmente quieres hijos, pero asumes que de ser as\u00ed a\u00fan no es el momento indicado, t\u00fa deseas darle a tus hijos un momento especial y por esta raz\u00f3n prefieres [&hellip;]<\/p>\n","protected":false},"author":5,"featured_media":2168,"comment_status":"closed","ping_status":"closed","sticky":false,"template":"","format":"standard","meta":{"footnotes":""},"categories":[],"tags":[],"class_list":["post-2166","post","type-post","status-publish","format-standard","has-post-thumbnail","hentry"],"yoast_head":"<!-- This site is optimized with the Yoast SEO plugin v27.4 - https:\/\/yoast.com\/product\/yoast-seo-wordpress\/ -->\n<title>\u00bfEs momento de preservar mi fertilidad? | Procrea<\/title>\n<meta name=\"description\" content=\"Preservar mi fertilidad es decidir el futuro antes de que pase. Tener hijos a edades muy avanzadas trae m\u00faltiples complicaciones para la gestante y el beb\u00e9.\" \/>\n<meta name=\"robots\" content=\"index, follow, max-snippet:-1, max-image-preview:large, max-video-preview:-1\" \/>\n<link rel=\"canonical\" href=\"https:\/\/procrea.mx\/en\/es-momento-de-preservar-mi-fertilidad\/\" \/>\n<meta property=\"og:locale\" content=\"en_GB\" \/>\n<meta property=\"og:type\" content=\"article\" \/>\n<meta property=\"og:title\" content=\"\u00bfEs momento de preservar mi fertilidad? | Procrea\" \/>\n<meta property=\"og:description\" content=\"Preservar mi fertilidad es decidir el futuro antes de que pase. Tener hijos a edades muy avanzadas trae m\u00faltiples complicaciones para la gestante y el beb\u00e9.\" \/>\n<meta property=\"og:url\" content=\"https:\/\/procrea.mx\/en\/es-momento-de-preservar-mi-fertilidad\/\" \/>\n<meta property=\"og:site_name\" content=\"Procrea\" \/>\n<meta property=\"article:publisher\" content=\"https:\/\/www.facebook.com\/procreamx\" \/>\n<meta property=\"article:published_time\" content=\"2021-01-15T06:01:57+00:00\" \/>\n<meta property=\"article:modified_time\" content=\"2021-06-28T17:34:00+00:00\" \/>\n<meta property=\"og:image\" content=\"https:\/\/procrea.mx\/wp-content\/uploads\/2021\/01\/Preservar-mi-fertilidad_1.jpg\" \/>\n\t<meta property=\"og:image:width\" content=\"627\" \/>\n\t<meta property=\"og:image:height\" content=\"335\" \/>\n\t<meta property=\"og:image:type\" content=\"image\/jpeg\" \/>\n<meta name=\"author\" content=\"Marketing\" \/>\n<meta name=\"twitter:card\" content=\"summary_large_image\" \/>\n<meta name=\"twitter:label1\" content=\"Written by\" \/>\n\t<meta name=\"twitter:data1\" content=\"Marketing\" \/>\n\t<meta name=\"twitter:label2\" content=\"Estimated reading time\" \/>\n\t<meta name=\"twitter:data2\" content=\"2 minutes\" \/>\n<script type=\"application\/ld+json\" class=\"yoast-schema-graph\">{\"@context\":\"https:\\\/\\\/schema.org\",\"@graph\":[{\"@type\":\"Article\",\"@id\":\"https:\\\/\\\/procrea.mx\\\/en\\\/es-momento-de-preservar-mi-fertilidad\\\/#article\",\"isPartOf\":{\"@id\":\"https:\\\/\\\/procrea.mx\\\/en\\\/es-momento-de-preservar-mi-fertilidad\\\/\"},\"author\":{\"name\":\"Marketing\",\"@id\":\"https:\\\/\\\/procrea.mx\\\/#\\\/schema\\\/person\\\/71417c13e0b0a797f95aaf79825722aa\"},\"headline\":\"\u00bfEs momento de preservar mi fertilidad?\",\"datePublished\":\"2021-01-15T06:01:57+00:00\",\"dateModified\":\"2021-06-28T17:34:00+00:00\",\"mainEntityOfPage\":{\"@id\":\"https:\\\/\\\/procrea.mx\\\/en\\\/es-momento-de-preservar-mi-fertilidad\\\/\"},\"wordCount\":472,\"publisher\":{\"@id\":\"https:\\\/\\\/procrea.mx\\\/#organization\"},\"image\":{\"@id\":\"https:\\\/\\\/procrea.mx\\\/en\\\/es-momento-de-preservar-mi-fertilidad\\\/#primaryimage\"},\"thumbnailUrl\":\"https:\\\/\\\/procrea.mx\\\/wp-content\\\/uploads\\\/2021\\\/01\\\/Preservar-mi-fertilidad_1.jpg\",\"inLanguage\":\"en-GB\"},{\"@type\":\"WebPage\",\"@id\":\"https:\\\/\\\/procrea.mx\\\/en\\\/es-momento-de-preservar-mi-fertilidad\\\/\",\"url\":\"https:\\\/\\\/procrea.mx\\\/en\\\/es-momento-de-preservar-mi-fertilidad\\\/\",\"name\":\"\u00bfEs momento de preservar mi fertilidad? | Procrea\",\"isPartOf\":{\"@id\":\"https:\\\/\\\/procrea.mx\\\/#website\"},\"primaryImageOfPage\":{\"@id\":\"https:\\\/\\\/procrea.mx\\\/en\\\/es-momento-de-preservar-mi-fertilidad\\\/#primaryimage\"},\"image\":{\"@id\":\"https:\\\/\\\/procrea.mx\\\/en\\\/es-momento-de-preservar-mi-fertilidad\\\/#primaryimage\"},\"thumbnailUrl\":\"https:\\\/\\\/procrea.mx\\\/wp-content\\\/uploads\\\/2021\\\/01\\\/Preservar-mi-fertilidad_1.jpg\",\"datePublished\":\"2021-01-15T06:01:57+00:00\",\"dateModified\":\"2021-06-28T17:34:00+00:00\",\"description\":\"Preservar mi fertilidad es decidir el futuro antes de que pase. Tener hijos a edades muy avanzadas trae m\u00faltiples complicaciones para la gestante y el beb\u00e9.\",\"breadcrumb\":{\"@id\":\"https:\\\/\\\/procrea.mx\\\/en\\\/es-momento-de-preservar-mi-fertilidad\\\/#breadcrumb\"},\"inLanguage\":\"en-GB\",\"potentialAction\":[{\"@type\":\"ReadAction\",\"target\":[\"https:\\\/\\\/procrea.mx\\\/en\\\/es-momento-de-preservar-mi-fertilidad\\\/\"]}]},{\"@type\":\"ImageObject\",\"inLanguage\":\"en-GB\",\"@id\":\"https:\\\/\\\/procrea.mx\\\/en\\\/es-momento-de-preservar-mi-fertilidad\\\/#primaryimage\",\"url\":\"https:\\\/\\\/procrea.mx\\\/wp-content\\\/uploads\\\/2021\\\/01\\\/Preservar-mi-fertilidad_1.jpg\",\"contentUrl\":\"https:\\\/\\\/procrea.mx\\\/wp-content\\\/uploads\\\/2021\\\/01\\\/Preservar-mi-fertilidad_1.jpg\",\"width\":627,\"height\":335,\"caption\":\"Preservar mi fertilidad\"},{\"@type\":\"BreadcrumbList\",\"@id\":\"https:\\\/\\\/procrea.mx\\\/en\\\/es-momento-de-preservar-mi-fertilidad\\\/#breadcrumb\",\"itemListElement\":[{\"@type\":\"ListItem\",\"position\":1,\"name\":\"Home\",\"item\":\"https:\\\/\\\/procrea.mx\\\/\"},{\"@type\":\"ListItem\",\"position\":2,\"name\":\"\u00bfEs momento de preservar mi fertilidad?\"}]},{\"@type\":\"WebSite\",\"@id\":\"https:\\\/\\\/procrea.mx\\\/#website\",\"url\":\"https:\\\/\\\/procrea.mx\\\/\",\"name\":\"Procrea\",\"description\":\"Procrea\",\"publisher\":{\"@id\":\"https:\\\/\\\/procrea.mx\\\/#organization\"},\"potentialAction\":[{\"@type\":\"SearchAction\",\"target\":{\"@type\":\"EntryPoint\",\"urlTemplate\":\"https:\\\/\\\/procrea.mx\\\/?s={search_term_string}\"},\"query-input\":{\"@type\":\"PropertyValueSpecification\",\"valueRequired\":true,\"valueName\":\"search_term_string\"}}],\"inLanguage\":\"en-GB\"},{\"@type\":\"Organization\",\"@id\":\"https:\\\/\\\/procrea.mx\\\/#organization\",\"name\":\"Procrea\",\"url\":\"https:\\\/\\\/procrea.mx\\\/\",\"logo\":{\"@type\":\"ImageObject\",\"inLanguage\":\"en-GB\",\"@id\":\"https:\\\/\\\/procrea.mx\\\/#\\\/schema\\\/logo\\\/image\\\/\",\"url\":\"https:\\\/\\\/procrea.mx\\\/wp-content\\\/uploads\\\/2023\\\/06\\\/logo-Procrea_page-0001.jpg\",\"contentUrl\":\"https:\\\/\\\/procrea.mx\\\/wp-content\\\/uploads\\\/2023\\\/06\\\/logo-Procrea_page-0001.jpg\",\"width\":1275,\"height\":386,\"caption\":\"Procrea\"},\"image\":{\"@id\":\"https:\\\/\\\/procrea.mx\\\/#\\\/schema\\\/logo\\\/image\\\/\"},\"sameAs\":[\"https:\\\/\\\/www.facebook.com\\\/procreamx\",\"https:\\\/\\\/www.instagram.com\\\/procrea_mx\\\/\",\"https:\\\/\\\/www.youtube.com\\\/@procreacentrodereproduccio3887\"]},{\"@type\":\"Person\",\"@id\":\"https:\\\/\\\/procrea.mx\\\/#\\\/schema\\\/person\\\/71417c13e0b0a797f95aaf79825722aa\",\"name\":\"Marketing\",\"image\":{\"@type\":\"ImageObject\",\"inLanguage\":\"en-GB\",\"@id\":\"https:\\\/\\\/secure.gravatar.com\\\/avatar\\\/11253a21a7c349c355841b41613b21bcb440963519de83f0507c1dd28f74839f?s=96&d=mm&r=g\",\"url\":\"https:\\\/\\\/secure.gravatar.com\\\/avatar\\\/11253a21a7c349c355841b41613b21bcb440963519de83f0507c1dd28f74839f?s=96&d=mm&r=g\",\"contentUrl\":\"https:\\\/\\\/secure.gravatar.com\\\/avatar\\\/11253a21a7c349c355841b41613b21bcb440963519de83f0507c1dd28f74839f?s=96&d=mm&r=g\",\"caption\":\"Marketing\"},\"url\":\"https:\\\/\\\/procrea.mx\\\/en\\\/author\\\/marketing\\\/\"}]}<\/script>\n<!-- \/ Yoast SEO plugin. -->","yoast_head_json":{"title":"\u00bfEs momento de preservar mi fertilidad? | Procrea","description":"Preservar mi fertilidad es decidir el futuro antes de que pase. Tener hijos a edades muy avanzadas trae m\u00faltiples complicaciones para la gestante y el beb\u00e9.","robots":{"index":"index","follow":"follow","max-snippet":"max-snippet:-1","max-image-preview":"max-image-preview:large","max-video-preview":"max-video-preview:-1"},"canonical":"https:\/\/procrea.mx\/en\/es-momento-de-preservar-mi-fertilidad\/","og_locale":"en_GB","og_type":"article","og_title":"\u00bfEs momento de preservar mi fertilidad? | Procrea","og_description":"Preservar mi fertilidad es decidir el futuro antes de que pase. Tener hijos a edades muy avanzadas trae m\u00faltiples complicaciones para la gestante y el beb\u00e9.","og_url":"https:\/\/procrea.mx\/en\/es-momento-de-preservar-mi-fertilidad\/","og_site_name":"Procrea","article_publisher":"https:\/\/www.facebook.com\/procreamx","article_published_time":"2021-01-15T06:01:57+00:00","article_modified_time":"2021-06-28T17:34:00+00:00","og_image":[{"width":627,"height":335,"url":"https:\/\/procrea.mx\/wp-content\/uploads\/2021\/01\/Preservar-mi-fertilidad_1.jpg","type":"image\/jpeg"}],"author":"Marketing","twitter_card":"summary_large_image","twitter_misc":{"Written by":"Marketing","Estimated reading time":"2 minutes"},"schema":{"@context":"https:\/\/schema.org","@graph":[{"@type":"Article","@id":"https:\/\/procrea.mx\/en\/es-momento-de-preservar-mi-fertilidad\/#article","isPartOf":{"@id":"https:\/\/procrea.mx\/en\/es-momento-de-preservar-mi-fertilidad\/"},"author":{"name":"Marketing","@id":"https:\/\/procrea.mx\/#\/schema\/person\/71417c13e0b0a797f95aaf79825722aa"},"headline":"\u00bfEs momento de preservar mi fertilidad?","datePublished":"2021-01-15T06:01:57+00:00","dateModified":"2021-06-28T17:34:00+00:00","mainEntityOfPage":{"@id":"https:\/\/procrea.mx\/en\/es-momento-de-preservar-mi-fertilidad\/"},"wordCount":472,"publisher":{"@id":"https:\/\/procrea.mx\/#organization"},"image":{"@id":"https:\/\/procrea.mx\/en\/es-momento-de-preservar-mi-fertilidad\/#primaryimage"},"thumbnailUrl":"https:\/\/procrea.mx\/wp-content\/uploads\/2021\/01\/Preservar-mi-fertilidad_1.jpg","inLanguage":"en-GB"},{"@type":"WebPage","@id":"https:\/\/procrea.mx\/en\/es-momento-de-preservar-mi-fertilidad\/","url":"https:\/\/procrea.mx\/en\/es-momento-de-preservar-mi-fertilidad\/","name":"\u00bfEs momento de preservar mi fertilidad? | Procrea","isPartOf":{"@id":"https:\/\/procrea.mx\/#website"},"primaryImageOfPage":{"@id":"https:\/\/procrea.mx\/en\/es-momento-de-preservar-mi-fertilidad\/#primaryimage"},"image":{"@id":"https:\/\/procrea.mx\/en\/es-momento-de-preservar-mi-fertilidad\/#primaryimage"},"thumbnailUrl":"https:\/\/procrea.mx\/wp-content\/uploads\/2021\/01\/Preservar-mi-fertilidad_1.jpg","datePublished":"2021-01-15T06:01:57+00:00","dateModified":"2021-06-28T17:34:00+00:00","description":"Preservar mi fertilidad es decidir el futuro antes de que pase. Tener hijos a edades muy avanzadas trae m\u00faltiples complicaciones para la gestante y el beb\u00e9.","breadcrumb":{"@id":"https:\/\/procrea.mx\/en\/es-momento-de-preservar-mi-fertilidad\/#breadcrumb"},"inLanguage":"en-GB","potentialAction":[{"@type":"ReadAction","target":["https:\/\/procrea.mx\/en\/es-momento-de-preservar-mi-fertilidad\/"]}]},{"@type":"ImageObject","inLanguage":"en-GB","@id":"https:\/\/procrea.mx\/en\/es-momento-de-preservar-mi-fertilidad\/#primaryimage","url":"https:\/\/procrea.mx\/wp-content\/uploads\/2021\/01\/Preservar-mi-fertilidad_1.jpg","contentUrl":"https:\/\/procrea.mx\/wp-content\/uploads\/2021\/01\/Preservar-mi-fertilidad_1.jpg","width":627,"height":335,"caption":"Preservar mi fertilidad"},{"@type":"BreadcrumbList","@id":"https:\/\/procrea.mx\/en\/es-momento-de-preservar-mi-fertilidad\/#breadcrumb","itemListElement":[{"@type":"ListItem","position":1,"name":"Home","item":"https:\/\/procrea.mx\/"},{"@type":"ListItem","position":2,"name":"\u00bfEs momento de preservar mi fertilidad?"}]},{"@type":"WebSite","@id":"https:\/\/procrea.mx\/#website","url":"https:\/\/procrea.mx\/","name":"Procrea","description":"Procrea","publisher":{"@id":"https:\/\/procrea.mx\/#organization"},"potentialAction":[{"@type":"SearchAction","target":{"@type":"EntryPoint","urlTemplate":"https:\/\/procrea.mx\/?s={search_term_string}"},"query-input":{"@type":"PropertyValueSpecification","valueRequired":true,"valueName":"search_term_string"}}],"inLanguage":"en-GB"},{"@type":"Organization","@id":"https:\/\/procrea.mx\/#organization","name":"Procrea","url":"https:\/\/procrea.mx\/","logo":{"@type":"ImageObject","inLanguage":"en-GB","@id":"https:\/\/procrea.mx\/#\/schema\/logo\/image\/","url":"https:\/\/procrea.mx\/wp-content\/uploads\/2023\/06\/logo-Procrea_page-0001.jpg","contentUrl":"https:\/\/procrea.mx\/wp-content\/uploads\/2023\/06\/logo-Procrea_page-0001.jpg","width":1275,"height":386,"caption":"Procrea"},"image":{"@id":"https:\/\/procrea.mx\/#\/schema\/logo\/image\/"},"sameAs":["https:\/\/www.facebook.com\/procreamx","https:\/\/www.instagram.com\/procrea_mx\/","https:\/\/www.youtube.com\/@procreacentrodereproduccio3887"]},{"@type":"Person","@id":"https:\/\/procrea.mx\/#\/schema\/person\/71417c13e0b0a797f95aaf79825722aa","name":"Marketing","image":{"@type":"ImageObject","inLanguage":"en-GB","@id":"https:\/\/secure.gravatar.com\/avatar\/11253a21a7c349c355841b41613b21bcb440963519de83f0507c1dd28f74839f?s=96&d=mm&r=g","url":"https:\/\/secure.gravatar.com\/avatar\/11253a21a7c349c355841b41613b21bcb440963519de83f0507c1dd28f74839f?s=96&d=mm&r=g","contentUrl":"https:\/\/secure.gravatar.com\/avatar\/11253a21a7c349c355841b41613b21bcb440963519de83f0507c1dd28f74839f?s=96&d=mm&r=g","caption":"Marketing"},"url":"https:\/\/procrea.mx\/en\/author\/marketing\/"}]}},"_links":{"self":[{"href":"https:\/\/procrea.mx\/en\/wp-json\/wp\/v2\/posts\/2166","targetHints":{"allow":["GET"]}}],"collection":[{"href":"https:\/\/procrea.mx\/en\/wp-json\/wp\/v2\/posts"}],"about":[{"href":"https:\/\/procrea.mx\/en\/wp-json\/wp\/v2\/types\/post"}],"author":[{"embeddable":true,"href":"https:\/\/procrea.mx\/en\/wp-json\/wp\/v2\/users\/5"}],"replies":[{"embeddable":true,"href":"https:\/\/procrea.mx\/en\/wp-json\/wp\/v2\/comments?post=2166"}],"version-history":[{"count":0,"href":"https:\/\/procrea.mx\/en\/wp-json\/wp\/v2\/posts\/2166\/revisions"}],"wp:featuredmedia":[{"embeddable":true,"href":"https:\/\/procrea.mx\/en\/wp-json\/wp\/v2\/media\/2168"}],"wp:attachment":[{"href":"https:\/\/procrea.mx\/en\/wp-json\/wp\/v2\/media?parent=2166"}],"wp:term":[{"taxonomy":"category","embeddable":true,"href":"https:\/\/procrea.mx\/en\/wp-json\/wp\/v2\/categories?post=2166"},{"taxonomy":"post_tag","embeddable":true,"href":"https:\/\/procrea.mx\/en\/wp-json\/wp\/v2\/tags?post=2166"}],"curies":[{"name":"wp","href":"https:\/\/api.w.org\/{rel}","templated":true}]}}