{"id":1684,"date":"2020-08-11T11:04:02","date_gmt":"2020-08-11T16:04:02","guid":{"rendered":"https:\/\/procreamx.wpengine.com\/?post_type=post-blog&#038;p=1684"},"modified":"2021-06-28T12:34:26","modified_gmt":"2021-06-28T17:34:26","slug":"seminario-de-endometriosis","status":"publish","type":"post","link":"https:\/\/procrea.mx\/en\/seminario-de-endometriosis\/","title":{"rendered":"Seminario de Endometriosis. Diagn\u00f3stico, tratamiento e infertilidad."},"content":{"rendered":"<p>En Procrea queremos invitarte a nuestro Seminario de Endometriosis, d\u00f3nde hablaremos sobre el diagn\u00f3stico, tratamiento y opciones que tienen las mujeres para aliviar este padecimiento de forma integral. A continuaci\u00f3n te presentamos a los doctores y los temas que ser\u00e1n abordados cada d\u00eda de la semana:<\/p>\n<p>&nbsp;<\/p>\n<h2 style=\"text-align: center;\">LUNES 17 de agosto<\/h2>\n<h2>\u00a0<img fetchpriority=\"high\" decoding=\"async\" class=\"wp-image-1698 aligncenter\" src=\"https:\/\/procrea.mx\/wp-content\/uploads\/2020\/08\/Lunes-17-1.png\" alt=\"\" width=\"342\" height=\"149\" srcset=\"https:\/\/procrea.mx\/wp-content\/uploads\/2020\/08\/Lunes-17-1.png 714w, https:\/\/procrea.mx\/wp-content\/uploads\/2020\/08\/Lunes-17-1-300x131.png 300w, https:\/\/procrea.mx\/wp-content\/uploads\/2020\/08\/Lunes-17-1-613x267.png 613w\" sizes=\"(max-width: 342px) 100vw, 342px\" \/><\/h2>\n<h2>Dr. Ramiro Cabrera Carranco<\/h2>\n<p>M\u00e9dico Cirujano con especialidad en Ginecolog\u00eda y Obstetricia y Alta Especialidad Endoscopia Ginecol\u00f3gica est\u00e1 enfocado en la atenci\u00f3n a pacientes con endometriosis en M\u00e9xico. Actualmente es Encargado del departamento de Ginecolog\u00eda y Obstetricia en Medica Prado LIFE, adem\u00e1s cuenta con cursos y actualizaciones sobre laparoscopia y ginecolog\u00eda avalados por IRCAD LATIN AMERICA y European Academy of Gynaecological Surgery.<\/p>\n<p>&nbsp;<\/p>\n<p>&nbsp;<\/p>\n<h2 style=\"text-align: center;\">MARTES 18 de agosto<\/h2>\n<h2><img decoding=\"async\" class=\"wp-image-1699 aligncenter\" src=\"https:\/\/procrea.mx\/wp-content\/uploads\/2020\/08\/martes-18-1.png\" alt=\"\" width=\"325\" height=\"140\" srcset=\"https:\/\/procrea.mx\/wp-content\/uploads\/2020\/08\/martes-18-1.png 714w, https:\/\/procrea.mx\/wp-content\/uploads\/2020\/08\/martes-18-1-300x129.png 300w, https:\/\/procrea.mx\/wp-content\/uploads\/2020\/08\/martes-18-1-613x264.png 613w\" sizes=\"(max-width: 325px) 100vw, 325px\" \/><\/h2>\n<h2>Dr. \u00c1lvaro Santib\u00e1\u00f1ez Morales<\/h2>\n<p>Graduado como M\u00e9dico Cirujano con especialidad en Ginecolog\u00eda y Obstetricia y maestr\u00eda en Biolog\u00eda de la Reproducci\u00f3n cuenta con una trayectoria de m\u00e1s de 10 a\u00f1os, es un experto en distintos tratamientos de reproducci\u00f3n asistida como fertilizaci\u00f3n in vitro, mini FIV, inseminaci\u00f3n artificial, ovodonaci\u00f3n y otras t\u00e9cnicas. Ha colaborado en diversos puestos en la Asociaci\u00f3n Mexicana de Medicina Reproductiva, es profesor adjunto en los cursos de Ginecolog\u00eda y Obstetricia y Biolog\u00eda de la Reproducci\u00f3n en el Instituto Nacional de Perinatolog\u00eda en donde fue m\u00e9dico adscrito y coordinador de la Unidad de Reproducci\u00f3n Asistida en el mismo hospital. Actualmente es director de la Cl\u00ednica de Reproducci\u00f3n Procrea.<\/p>\n<p>&nbsp;<\/p>\n<p>&nbsp;<\/p>\n<h2 style=\"text-align: center;\">MI\u00c9RCOLES 19 de agosto<\/h2>\n<h2><img decoding=\"async\" class=\"wp-image-1700 aligncenter\" src=\"https:\/\/procrea.mx\/wp-content\/uploads\/2020\/08\/Mie\u0301rcoles-19-1.png\" alt=\"\" width=\"289\" height=\"126\" srcset=\"https:\/\/procrea.mx\/wp-content\/uploads\/2020\/08\/Mie\u0301rcoles-19-1.png 714w, https:\/\/procrea.mx\/wp-content\/uploads\/2020\/08\/Mie\u0301rcoles-19-1-300x131.png 300w, https:\/\/procrea.mx\/wp-content\/uploads\/2020\/08\/Mie\u0301rcoles-19-1-613x267.png 613w\" sizes=\"(max-width: 289px) 100vw, 289px\" \/><\/h2>\n<h2>Prof. Dr. Patrick Bellelis<\/h2>\n<p>Tiene una amplia experiencia en el \u00e1rea de Cirug\u00eda Ginecol\u00f3gica M\u00ednimamente Invasiva, trabaja en temas como la endometriosis, miomas, patolog\u00edas intrauterinas e infertilidad. Es tambi\u00e9n especialista en Ginecolog\u00eda y Obstetricia, Laparoscop\u00eda e Histeroscopia por la Federaci\u00f3n Brasile\u00f1a de Ginecolog\u00eda y Obstetricia. Actualmente dirige su propia cl\u00ednica en donde brinda atenci\u00f3n especializada a mujeres con este tipo de patolog\u00edas y es presidente de la sociedad brasile\u00f1a de Endometriosis.<\/p>\n<p>&nbsp;<\/p>\n<p>&nbsp;<\/p>\n<h2 style=\"text-align: center;\">JUEVES 20 de agosto<\/h2>\n<h2><img loading=\"lazy\" decoding=\"async\" class=\"wp-image-1697 aligncenter\" src=\"https:\/\/procrea.mx\/wp-content\/uploads\/2020\/08\/Jueves-20-1.png\" alt=\"\" width=\"303\" height=\"133\" srcset=\"https:\/\/procrea.mx\/wp-content\/uploads\/2020\/08\/Jueves-20-1.png 707w, https:\/\/procrea.mx\/wp-content\/uploads\/2020\/08\/Jueves-20-1-300x132.png 300w, https:\/\/procrea.mx\/wp-content\/uploads\/2020\/08\/Jueves-20-1-613x269.png 613w\" sizes=\"(max-width: 303px) 100vw, 303px\" \/><\/h2>\n<h2>Prof. Dr. William Kondo<\/h2>\n<p>Profesor y m\u00e9dico graduado de la UFPR se especializa en Cirug\u00eda de Trauma y Cirug\u00eda Laparosc\u00f3pica, Cirug\u00eda Reconstructiva P\u00e9lvica, Endoscopia Ginecol\u00f3gica en temas relacionados con la endometriosis avalados por institutos en EUA, Francia, Estrasburgo y Brasil. Cuenta con una maestr\u00eda en Ciencias de la Salud y trabaja en la ense\u00f1anza de cirug\u00eda m\u00ednimamente invasiva. Participa activamente en el \u00e1rea de cirug\u00eda ginecol\u00f3gica m\u00ednimamente invasiva, con un enfoque especial en la endometriosis.<\/p>\n<p>&nbsp;<\/p>\n<p>&nbsp;<\/p>\n<h2 style=\"text-align: center;\">VIERNES 21 de agosto<\/h2>\n<h2><img loading=\"lazy\" decoding=\"async\" class=\"wp-image-1701 aligncenter\" src=\"https:\/\/procrea.mx\/wp-content\/uploads\/2020\/08\/Viernes-21-1.png\" alt=\"\" width=\"349\" height=\"153\" srcset=\"https:\/\/procrea.mx\/wp-content\/uploads\/2020\/08\/Viernes-21-1.png 707w, https:\/\/procrea.mx\/wp-content\/uploads\/2020\/08\/Viernes-21-1-300x132.png 300w, https:\/\/procrea.mx\/wp-content\/uploads\/2020\/08\/Viernes-21-1-613x269.png 613w\" sizes=\"(max-width: 349px) 100vw, 349px\" \/><\/h2>\n<h2>Prof. Dr. Rodrigo Fernandes<\/h2>\n<p>Graduado en Medicina es Especialista en Ginecolog\u00eda y Obstetricia enfocado en endoscopia ginecol\u00f3gica, laparoscopia, histeroscopia y endometriosis certificado por Estrasburgo y Francia, es tambi\u00e9n Tutor de la Academia Europea para cirug\u00eda m\u00ednimamente invasiva, de igual manera, imparte su experiencia en cursos de anatom\u00eda p\u00e9lvica laparosc\u00f3pica en Estrasburgo y en los cursos de endometriosis, ginecolog\u00eda y oncolog\u00eda p\u00e9lvica en Brasil. Actualmente es asistente del Servicio de Oncolog\u00eda Ginecol\u00f3gica del Instituto del C\u00e1ncer del Estado de S\u00e3o Paulo.<\/p>","protected":false},"excerpt":{"rendered":"<p>En Procrea queremos invitarte a nuestro Seminario de Endometriosis, d\u00f3nde hablaremos sobre el diagn\u00f3stico, tratamiento y opciones que tienen las mujeres para aliviar este padecimiento de forma integral. A continuaci\u00f3n te presentamos a los doctores y los temas que ser\u00e1n abordados cada d\u00eda de la semana: &nbsp; LUNES 17 de agosto \u00a0 Dr. Ramiro Cabrera [&hellip;]<\/p>\n","protected":false},"author":5,"featured_media":2001,"comment_status":"closed","ping_status":"closed","sticky":false,"template":"","format":"standard","meta":{"footnotes":""},"categories":[],"tags":[],"class_list":["post-1684","post","type-post","status-publish","format-standard","has-post-thumbnail","hentry"],"yoast_head":"<!-- This site is optimized with the Yoast SEO plugin v27.4 - https:\/\/yoast.com\/product\/yoast-seo-wordpress\/ -->\n<title>Seminario de Endometriosis. Diagn\u00f3stico, tratamiento e infertilidad. | Procrea<\/title>\n<meta name=\"description\" content=\"El Seminario de Endometriosis tiene como objetivo dar a conocer formas de diagn\u00f3stico, tratamiento y opciones que existen para las mujeres que lo padecen.\" \/>\n<meta name=\"robots\" content=\"index, follow, max-snippet:-1, max-image-preview:large, max-video-preview:-1\" \/>\n<link rel=\"canonical\" href=\"https:\/\/procrea.mx\/en\/seminario-de-endometriosis\/\" \/>\n<meta property=\"og:locale\" content=\"en_GB\" \/>\n<meta property=\"og:type\" content=\"article\" \/>\n<meta property=\"og:title\" content=\"Seminario de Endometriosis. Diagn\u00f3stico, tratamiento e infertilidad. | Procrea\" \/>\n<meta property=\"og:description\" content=\"El Seminario de Endometriosis tiene como objetivo dar a conocer formas de diagn\u00f3stico, tratamiento y opciones que existen para las mujeres que lo padecen.\" \/>\n<meta property=\"og:url\" content=\"https:\/\/procrea.mx\/en\/seminario-de-endometriosis\/\" \/>\n<meta property=\"og:site_name\" content=\"Procrea\" \/>\n<meta property=\"article:publisher\" content=\"https:\/\/www.facebook.com\/procreamx\" \/>\n<meta property=\"article:published_time\" content=\"2020-08-11T16:04:02+00:00\" \/>\n<meta property=\"article:modified_time\" content=\"2021-06-28T17:34:26+00:00\" \/>\n<meta property=\"og:image\" content=\"https:\/\/procrea.mx\/wp-content\/uploads\/2020\/08\/seminario.jpg\" \/>\n\t<meta property=\"og:image:width\" content=\"1200\" \/>\n\t<meta property=\"og:image:height\" content=\"627\" \/>\n\t<meta property=\"og:image:type\" content=\"image\/jpeg\" \/>\n<meta name=\"author\" content=\"Marketing\" \/>\n<meta name=\"twitter:card\" content=\"summary_large_image\" \/>\n<meta name=\"twitter:label1\" content=\"Written by\" \/>\n\t<meta name=\"twitter:data1\" content=\"Marketing\" \/>\n\t<meta name=\"twitter:label2\" content=\"Estimated reading time\" \/>\n\t<meta name=\"twitter:data2\" content=\"3 minutes\" \/>\n<script type=\"application\/ld+json\" class=\"yoast-schema-graph\">{\"@context\":\"https:\\\/\\\/schema.org\",\"@graph\":[{\"@type\":\"Article\",\"@id\":\"https:\\\/\\\/procrea.mx\\\/seminario-de-endometriosis\\\/#article\",\"isPartOf\":{\"@id\":\"https:\\\/\\\/procrea.mx\\\/seminario-de-endometriosis\\\/\"},\"author\":{\"name\":\"Marketing\",\"@id\":\"https:\\\/\\\/procrea.mx\\\/#\\\/schema\\\/person\\\/71417c13e0b0a797f95aaf79825722aa\"},\"headline\":\"Seminario de Endometriosis. Diagn\u00f3stico, tratamiento e infertilidad.\",\"datePublished\":\"2020-08-11T16:04:02+00:00\",\"dateModified\":\"2021-06-28T17:34:26+00:00\",\"mainEntityOfPage\":{\"@id\":\"https:\\\/\\\/procrea.mx\\\/seminario-de-endometriosis\\\/\"},\"wordCount\":554,\"publisher\":{\"@id\":\"https:\\\/\\\/procrea.mx\\\/#organization\"},\"image\":{\"@id\":\"https:\\\/\\\/procrea.mx\\\/seminario-de-endometriosis\\\/#primaryimage\"},\"thumbnailUrl\":\"https:\\\/\\\/procrea.mx\\\/wp-content\\\/uploads\\\/2020\\\/08\\\/seminario.jpg\",\"inLanguage\":\"en-GB\"},{\"@type\":\"WebPage\",\"@id\":\"https:\\\/\\\/procrea.mx\\\/seminario-de-endometriosis\\\/\",\"url\":\"https:\\\/\\\/procrea.mx\\\/seminario-de-endometriosis\\\/\",\"name\":\"Seminario de Endometriosis. Diagn\u00f3stico, tratamiento e infertilidad. | Procrea\",\"isPartOf\":{\"@id\":\"https:\\\/\\\/procrea.mx\\\/#website\"},\"primaryImageOfPage\":{\"@id\":\"https:\\\/\\\/procrea.mx\\\/seminario-de-endometriosis\\\/#primaryimage\"},\"image\":{\"@id\":\"https:\\\/\\\/procrea.mx\\\/seminario-de-endometriosis\\\/#primaryimage\"},\"thumbnailUrl\":\"https:\\\/\\\/procrea.mx\\\/wp-content\\\/uploads\\\/2020\\\/08\\\/seminario.jpg\",\"datePublished\":\"2020-08-11T16:04:02+00:00\",\"dateModified\":\"2021-06-28T17:34:26+00:00\",\"description\":\"El Seminario de Endometriosis tiene como objetivo dar a conocer formas de diagn\u00f3stico, tratamiento y opciones que existen para las mujeres que lo padecen.\",\"breadcrumb\":{\"@id\":\"https:\\\/\\\/procrea.mx\\\/seminario-de-endometriosis\\\/#breadcrumb\"},\"inLanguage\":\"en-GB\",\"potentialAction\":[{\"@type\":\"ReadAction\",\"target\":[\"https:\\\/\\\/procrea.mx\\\/seminario-de-endometriosis\\\/\"]}]},{\"@type\":\"ImageObject\",\"inLanguage\":\"en-GB\",\"@id\":\"https:\\\/\\\/procrea.mx\\\/seminario-de-endometriosis\\\/#primaryimage\",\"url\":\"https:\\\/\\\/procrea.mx\\\/wp-content\\\/uploads\\\/2020\\\/08\\\/seminario.jpg\",\"contentUrl\":\"https:\\\/\\\/procrea.mx\\\/wp-content\\\/uploads\\\/2020\\\/08\\\/seminario.jpg\",\"width\":1200,\"height\":627},{\"@type\":\"BreadcrumbList\",\"@id\":\"https:\\\/\\\/procrea.mx\\\/seminario-de-endometriosis\\\/#breadcrumb\",\"itemListElement\":[{\"@type\":\"ListItem\",\"position\":1,\"name\":\"Home\",\"item\":\"https:\\\/\\\/procrea.mx\\\/\"},{\"@type\":\"ListItem\",\"position\":2,\"name\":\"Seminario de Endometriosis. Diagn\u00f3stico, tratamiento e infertilidad.\"}]},{\"@type\":\"WebSite\",\"@id\":\"https:\\\/\\\/procrea.mx\\\/#website\",\"url\":\"https:\\\/\\\/procrea.mx\\\/\",\"name\":\"Procrea\",\"description\":\"Procrea\",\"publisher\":{\"@id\":\"https:\\\/\\\/procrea.mx\\\/#organization\"},\"potentialAction\":[{\"@type\":\"SearchAction\",\"target\":{\"@type\":\"EntryPoint\",\"urlTemplate\":\"https:\\\/\\\/procrea.mx\\\/?s={search_term_string}\"},\"query-input\":{\"@type\":\"PropertyValueSpecification\",\"valueRequired\":true,\"valueName\":\"search_term_string\"}}],\"inLanguage\":\"en-GB\"},{\"@type\":\"Organization\",\"@id\":\"https:\\\/\\\/procrea.mx\\\/#organization\",\"name\":\"Procrea\",\"url\":\"https:\\\/\\\/procrea.mx\\\/\",\"logo\":{\"@type\":\"ImageObject\",\"inLanguage\":\"en-GB\",\"@id\":\"https:\\\/\\\/procrea.mx\\\/#\\\/schema\\\/logo\\\/image\\\/\",\"url\":\"https:\\\/\\\/procrea.mx\\\/wp-content\\\/uploads\\\/2023\\\/06\\\/logo-Procrea_page-0001.jpg\",\"contentUrl\":\"https:\\\/\\\/procrea.mx\\\/wp-content\\\/uploads\\\/2023\\\/06\\\/logo-Procrea_page-0001.jpg\",\"width\":1275,\"height\":386,\"caption\":\"Procrea\"},\"image\":{\"@id\":\"https:\\\/\\\/procrea.mx\\\/#\\\/schema\\\/logo\\\/image\\\/\"},\"sameAs\":[\"https:\\\/\\\/www.facebook.com\\\/procreamx\",\"https:\\\/\\\/www.instagram.com\\\/procrea_mx\\\/\",\"https:\\\/\\\/www.youtube.com\\\/@procreacentrodereproduccio3887\"]},{\"@type\":\"Person\",\"@id\":\"https:\\\/\\\/procrea.mx\\\/#\\\/schema\\\/person\\\/71417c13e0b0a797f95aaf79825722aa\",\"name\":\"Marketing\",\"image\":{\"@type\":\"ImageObject\",\"inLanguage\":\"en-GB\",\"@id\":\"https:\\\/\\\/secure.gravatar.com\\\/avatar\\\/11253a21a7c349c355841b41613b21bcb440963519de83f0507c1dd28f74839f?s=96&d=mm&r=g\",\"url\":\"https:\\\/\\\/secure.gravatar.com\\\/avatar\\\/11253a21a7c349c355841b41613b21bcb440963519de83f0507c1dd28f74839f?s=96&d=mm&r=g\",\"contentUrl\":\"https:\\\/\\\/secure.gravatar.com\\\/avatar\\\/11253a21a7c349c355841b41613b21bcb440963519de83f0507c1dd28f74839f?s=96&d=mm&r=g\",\"caption\":\"Marketing\"},\"url\":\"https:\\\/\\\/procrea.mx\\\/en\\\/author\\\/marketing\\\/\"}]}<\/script>\n<!-- \/ Yoast SEO plugin. -->","yoast_head_json":{"title":"Seminario de Endometriosis. Diagn\u00f3stico, tratamiento e infertilidad. | Procrea","description":"El Seminario de Endometriosis tiene como objetivo dar a conocer formas de diagn\u00f3stico, tratamiento y opciones que existen para las mujeres que lo padecen.","robots":{"index":"index","follow":"follow","max-snippet":"max-snippet:-1","max-image-preview":"max-image-preview:large","max-video-preview":"max-video-preview:-1"},"canonical":"https:\/\/procrea.mx\/en\/seminario-de-endometriosis\/","og_locale":"en_GB","og_type":"article","og_title":"Seminario de Endometriosis. Diagn\u00f3stico, tratamiento e infertilidad. | Procrea","og_description":"El Seminario de Endometriosis tiene como objetivo dar a conocer formas de diagn\u00f3stico, tratamiento y opciones que existen para las mujeres que lo padecen.","og_url":"https:\/\/procrea.mx\/en\/seminario-de-endometriosis\/","og_site_name":"Procrea","article_publisher":"https:\/\/www.facebook.com\/procreamx","article_published_time":"2020-08-11T16:04:02+00:00","article_modified_time":"2021-06-28T17:34:26+00:00","og_image":[{"width":1200,"height":627,"url":"https:\/\/procrea.mx\/wp-content\/uploads\/2020\/08\/seminario.jpg","type":"image\/jpeg"}],"author":"Marketing","twitter_card":"summary_large_image","twitter_misc":{"Written by":"Marketing","Estimated reading time":"3 minutes"},"schema":{"@context":"https:\/\/schema.org","@graph":[{"@type":"Article","@id":"https:\/\/procrea.mx\/seminario-de-endometriosis\/#article","isPartOf":{"@id":"https:\/\/procrea.mx\/seminario-de-endometriosis\/"},"author":{"name":"Marketing","@id":"https:\/\/procrea.mx\/#\/schema\/person\/71417c13e0b0a797f95aaf79825722aa"},"headline":"Seminario de Endometriosis. Diagn\u00f3stico, tratamiento e infertilidad.","datePublished":"2020-08-11T16:04:02+00:00","dateModified":"2021-06-28T17:34:26+00:00","mainEntityOfPage":{"@id":"https:\/\/procrea.mx\/seminario-de-endometriosis\/"},"wordCount":554,"publisher":{"@id":"https:\/\/procrea.mx\/#organization"},"image":{"@id":"https:\/\/procrea.mx\/seminario-de-endometriosis\/#primaryimage"},"thumbnailUrl":"https:\/\/procrea.mx\/wp-content\/uploads\/2020\/08\/seminario.jpg","inLanguage":"en-GB"},{"@type":"WebPage","@id":"https:\/\/procrea.mx\/seminario-de-endometriosis\/","url":"https:\/\/procrea.mx\/seminario-de-endometriosis\/","name":"Seminario de Endometriosis. Diagn\u00f3stico, tratamiento e infertilidad. | Procrea","isPartOf":{"@id":"https:\/\/procrea.mx\/#website"},"primaryImageOfPage":{"@id":"https:\/\/procrea.mx\/seminario-de-endometriosis\/#primaryimage"},"image":{"@id":"https:\/\/procrea.mx\/seminario-de-endometriosis\/#primaryimage"},"thumbnailUrl":"https:\/\/procrea.mx\/wp-content\/uploads\/2020\/08\/seminario.jpg","datePublished":"2020-08-11T16:04:02+00:00","dateModified":"2021-06-28T17:34:26+00:00","description":"El Seminario de Endometriosis tiene como objetivo dar a conocer formas de diagn\u00f3stico, tratamiento y opciones que existen para las mujeres que lo padecen.","breadcrumb":{"@id":"https:\/\/procrea.mx\/seminario-de-endometriosis\/#breadcrumb"},"inLanguage":"en-GB","potentialAction":[{"@type":"ReadAction","target":["https:\/\/procrea.mx\/seminario-de-endometriosis\/"]}]},{"@type":"ImageObject","inLanguage":"en-GB","@id":"https:\/\/procrea.mx\/seminario-de-endometriosis\/#primaryimage","url":"https:\/\/procrea.mx\/wp-content\/uploads\/2020\/08\/seminario.jpg","contentUrl":"https:\/\/procrea.mx\/wp-content\/uploads\/2020\/08\/seminario.jpg","width":1200,"height":627},{"@type":"BreadcrumbList","@id":"https:\/\/procrea.mx\/seminario-de-endometriosis\/#breadcrumb","itemListElement":[{"@type":"ListItem","position":1,"name":"Home","item":"https:\/\/procrea.mx\/"},{"@type":"ListItem","position":2,"name":"Seminario de Endometriosis. Diagn\u00f3stico, tratamiento e infertilidad."}]},{"@type":"WebSite","@id":"https:\/\/procrea.mx\/#website","url":"https:\/\/procrea.mx\/","name":"Procrea","description":"Procrea","publisher":{"@id":"https:\/\/procrea.mx\/#organization"},"potentialAction":[{"@type":"SearchAction","target":{"@type":"EntryPoint","urlTemplate":"https:\/\/procrea.mx\/?s={search_term_string}"},"query-input":{"@type":"PropertyValueSpecification","valueRequired":true,"valueName":"search_term_string"}}],"inLanguage":"en-GB"},{"@type":"Organization","@id":"https:\/\/procrea.mx\/#organization","name":"Procrea","url":"https:\/\/procrea.mx\/","logo":{"@type":"ImageObject","inLanguage":"en-GB","@id":"https:\/\/procrea.mx\/#\/schema\/logo\/image\/","url":"https:\/\/procrea.mx\/wp-content\/uploads\/2023\/06\/logo-Procrea_page-0001.jpg","contentUrl":"https:\/\/procrea.mx\/wp-content\/uploads\/2023\/06\/logo-Procrea_page-0001.jpg","width":1275,"height":386,"caption":"Procrea"},"image":{"@id":"https:\/\/procrea.mx\/#\/schema\/logo\/image\/"},"sameAs":["https:\/\/www.facebook.com\/procreamx","https:\/\/www.instagram.com\/procrea_mx\/","https:\/\/www.youtube.com\/@procreacentrodereproduccio3887"]},{"@type":"Person","@id":"https:\/\/procrea.mx\/#\/schema\/person\/71417c13e0b0a797f95aaf79825722aa","name":"Marketing","image":{"@type":"ImageObject","inLanguage":"en-GB","@id":"https:\/\/secure.gravatar.com\/avatar\/11253a21a7c349c355841b41613b21bcb440963519de83f0507c1dd28f74839f?s=96&d=mm&r=g","url":"https:\/\/secure.gravatar.com\/avatar\/11253a21a7c349c355841b41613b21bcb440963519de83f0507c1dd28f74839f?s=96&d=mm&r=g","contentUrl":"https:\/\/secure.gravatar.com\/avatar\/11253a21a7c349c355841b41613b21bcb440963519de83f0507c1dd28f74839f?s=96&d=mm&r=g","caption":"Marketing"},"url":"https:\/\/procrea.mx\/en\/author\/marketing\/"}]}},"_links":{"self":[{"href":"https:\/\/procrea.mx\/en\/wp-json\/wp\/v2\/posts\/1684","targetHints":{"allow":["GET"]}}],"collection":[{"href":"https:\/\/procrea.mx\/en\/wp-json\/wp\/v2\/posts"}],"about":[{"href":"https:\/\/procrea.mx\/en\/wp-json\/wp\/v2\/types\/post"}],"author":[{"embeddable":true,"href":"https:\/\/procrea.mx\/en\/wp-json\/wp\/v2\/users\/5"}],"replies":[{"embeddable":true,"href":"https:\/\/procrea.mx\/en\/wp-json\/wp\/v2\/comments?post=1684"}],"version-history":[{"count":0,"href":"https:\/\/procrea.mx\/en\/wp-json\/wp\/v2\/posts\/1684\/revisions"}],"wp:featuredmedia":[{"embeddable":true,"href":"https:\/\/procrea.mx\/en\/wp-json\/wp\/v2\/media\/2001"}],"wp:attachment":[{"href":"https:\/\/procrea.mx\/en\/wp-json\/wp\/v2\/media?parent=1684"}],"wp:term":[{"taxonomy":"category","embeddable":true,"href":"https:\/\/procrea.mx\/en\/wp-json\/wp\/v2\/categories?post=1684"},{"taxonomy":"post_tag","embeddable":true,"href":"https:\/\/procrea.mx\/en\/wp-json\/wp\/v2\/tags?post=1684"}],"curies":[{"name":"wp","href":"https:\/\/api.w.org\/{rel}","templated":true}]}}