{"id":1670,"date":"2020-07-25T16:38:50","date_gmt":"2020-07-25T21:38:50","guid":{"rendered":"https:\/\/procreamx.wpengine.com\/?post_type=post-blog&#038;p=1670"},"modified":"2021-06-28T12:34:26","modified_gmt":"2021-06-28T17:34:26","slug":"a-42-anos-de-la-primera-fertilizacion-in-vitro","status":"publish","type":"post","link":"https:\/\/procrea.mx\/en\/a-42-anos-de-la-primera-fertilizacion-in-vitro\/","title":{"rendered":"A 42 a\u00f1os de la primera fertilizaci\u00f3n in vitro"},"content":{"rendered":"<p>El 25 de julio de 1978 naci\u00f3 Louise Brown, la primera beb\u00e9 concebida a partir de la t\u00e9cnica de la <a href=\"https:\/\/procrea.mx\/reprod-asistida\/fertilizacion-in-vitro\/\"><strong>in vitro fertilization treatment<\/strong><\/a>, sin duda, fue un parte aguas en el mundo cient\u00edfico y religioso que hizo m\u00faltiples planteamientos sobre el deseo y el derecho de la vida.<\/p>\n<p>Los cient\u00edficos Patrick Steptoe y Robert Edwards ten\u00edan a\u00f1os investigando sobre este tipo de procedimientos para parejas que padec\u00edan <strong>infertility<\/strong>, Lesley y John Brown ten\u00edan 9 a\u00f1os intentando tener hijos sin \u00e9xito, debido a un problema de obstrucci\u00f3n en las trompas de Falopio.<\/p>\n<p>Se hab\u00eda logrado el embarazo por medio de la <a href=\"https:\/\/procrea.mx\/reprod-asistida\/fertilizacion-in-vitro\/\"><strong>in vitro fertilization treatment<\/strong><\/a>, sin embargo, los anteriores intentos fueron un fracaso al no llevarse a fin la <strong>gestaci\u00f3n<\/strong> y el nacimiento. La pol\u00e9mica que se desat\u00f3 tras el nacimiento fue principalmente abanderada por la iglesia, criticaban de manera en\u00e9rgica este tipo de procedimientos asegurando que el dar vida no se trataba de un derecho humano de cualquiera sino de un don heredado de la divinidad.<\/p>\n<p>Algunos otros detractores, incluso cient\u00edficos, se mostraban temerosos y hostiles ante la utilizaci\u00f3n de t\u00e9cnicas desconocidas y consideradas anti\u00e9ticas en d\u00f3nde se conceb\u00eda la vida como un producto que pod\u00eda fabricarse a gusto personal.<\/p>\n<p>Sin embargo, la <a href=\"https:\/\/procrea.mx\/reprod-asistida\/fertilizacion-in-vitro\/\"><strong>fecundaci\u00f3n in vitro<\/strong><\/a> dio cavidad a otros desarrollos en el campo de la medicina reproductiva como la congelaci\u00f3n de embriones y \u00f3vulos que hac\u00eda posible su transferencia en periodos posteriores a la extracci\u00f3n de \u00f3vulos, otro de los procedimientos que tambi\u00e9n se simplifico. De igual forma, se tuvieron avances con respecto a la <strong>infertility<\/strong> masculina, se desarroll\u00f3 la <a href=\"https:\/\/procrea.mx\/reprod-asistida\/inyeccion-intracitoplasmatica-icsi\/\"><strong>inyecci\u00f3n intracitoplasm\u00e1tica<\/strong><\/a>, que consiste en introducir directamente en el \u00f3vulo un espermatozoide con las condiciones \u00f3ptimas para la <strong>fecundaci\u00f3n<\/strong>.<\/p>\n<p>A 4 d\u00e9cadas de la primera <strong>fecundaci\u00f3n in vitro<\/strong>, se ha dado esperanza y cumplido el sue\u00f1o de millones de parejas con <strong>fertility problems<\/strong>, su eficacia y seguridad se han incrementado cada a\u00f1o, son cientos de <a href=\"https:\/\/procrea.mx\/\"><strong>centros de fertilidad<\/strong><\/a> que dan opciones y brindan atenci\u00f3n con tratamientos de <a href=\"https:\/\/procrea.mx\/reproduccion-asistida\/\"><strong>Assisted Reproduction<\/strong><\/a> a parejas con alg\u00fan problema de <strong>infertility<\/strong>, del mismo sexo o sin pareja, son pocos ya los opositores a este tipo de pr\u00e1cticas.<\/p>\n<p>Este d\u00eda se conmemora como el d\u00eda del embri\u00f3logo debido a esta situaci\u00f3n, sin ellos nada de esto ser\u00eda posible, el empe\u00f1o y el profesionalismo que ponen a diario para cumplir sue\u00f1os y continuar en la ardua tarea de investigar que secretos esconde el cuerpo humano desde su nacimiento.<\/p>\n<p>&nbsp;<\/p>\n<p>&nbsp;<\/p>\n<p>&nbsp;<\/p>","protected":false},"excerpt":{"rendered":"<p>El 25 de julio de 1978 naci\u00f3 Louise Brown, la primera beb\u00e9 concebida a partir de la t\u00e9cnica de la fertilizaci\u00f3n in vitro, sin duda, fue un parte aguas en el mundo cient\u00edfico y religioso que hizo m\u00faltiples planteamientos sobre el deseo y el derecho de la vida. Los cient\u00edficos Patrick Steptoe y Robert Edwards [&hellip;]<\/p>\n","protected":false},"author":5,"featured_media":1862,"comment_status":"closed","ping_status":"closed","sticky":false,"template":"","format":"standard","meta":{"footnotes":""},"categories":[],"tags":[],"class_list":["post-1670","post","type-post","status-publish","format-standard","has-post-thumbnail","hentry"],"yoast_head":"<!-- This site is optimized with the Yoast SEO plugin v27.4 - https:\/\/yoast.com\/product\/yoast-seo-wordpress\/ -->\n<title>A 42 a\u00f1os de la primera fertilizaci\u00f3n in vitro | Procrea<\/title>\n<meta name=\"robots\" content=\"index, follow, max-snippet:-1, max-image-preview:large, max-video-preview:-1\" \/>\n<link rel=\"canonical\" href=\"https:\/\/procrea.mx\/en\/a-42-anos-de-la-primera-fertilizacion-in-vitro\/\" \/>\n<meta property=\"og:locale\" content=\"en_GB\" \/>\n<meta property=\"og:type\" content=\"article\" \/>\n<meta property=\"og:title\" content=\"A 42 a\u00f1os de la primera fertilizaci\u00f3n in vitro | Procrea\" \/>\n<meta property=\"og:description\" content=\"El 25 de julio de 1978 naci\u00f3 Louise Brown, la primera beb\u00e9 concebida a partir de la t\u00e9cnica de la fertilizaci\u00f3n in vitro, sin duda, fue un parte aguas en el mundo cient\u00edfico y religioso que hizo m\u00faltiples planteamientos sobre el deseo y el derecho de la vida. Los cient\u00edficos Patrick Steptoe y Robert Edwards [&hellip;]\" \/>\n<meta property=\"og:url\" content=\"https:\/\/procrea.mx\/en\/a-42-anos-de-la-primera-fertilizacion-in-vitro\/\" \/>\n<meta property=\"og:site_name\" content=\"Procrea\" \/>\n<meta property=\"article:publisher\" content=\"https:\/\/www.facebook.com\/procreamx\" \/>\n<meta property=\"article:published_time\" content=\"2020-07-25T21:38:50+00:00\" \/>\n<meta property=\"article:modified_time\" content=\"2021-06-28T17:34:26+00:00\" \/>\n<meta property=\"og:image\" content=\"https:\/\/procrea.mx\/wp-content\/uploads\/2020\/04\/embri\u00f3n2.jpg\" \/>\n\t<meta property=\"og:image:width\" content=\"627\" \/>\n\t<meta property=\"og:image:height\" content=\"335\" \/>\n\t<meta property=\"og:image:type\" content=\"image\/jpeg\" \/>\n<meta name=\"author\" content=\"Marketing\" \/>\n<meta name=\"twitter:card\" content=\"summary_large_image\" \/>\n<meta name=\"twitter:label1\" content=\"Written by\" \/>\n\t<meta name=\"twitter:data1\" content=\"Marketing\" \/>\n\t<meta name=\"twitter:label2\" content=\"Estimated reading time\" \/>\n\t<meta name=\"twitter:data2\" content=\"2 minutes\" \/>\n<script type=\"application\/ld+json\" class=\"yoast-schema-graph\">{\"@context\":\"https:\\\/\\\/schema.org\",\"@graph\":[{\"@type\":\"Article\",\"@id\":\"https:\\\/\\\/procrea.mx\\\/a-42-anos-de-la-primera-fertilizacion-in-vitro\\\/#article\",\"isPartOf\":{\"@id\":\"https:\\\/\\\/procrea.mx\\\/a-42-anos-de-la-primera-fertilizacion-in-vitro\\\/\"},\"author\":{\"name\":\"Marketing\",\"@id\":\"https:\\\/\\\/procrea.mx\\\/#\\\/schema\\\/person\\\/71417c13e0b0a797f95aaf79825722aa\"},\"headline\":\"A 42 a\u00f1os de la primera fertilizaci\u00f3n in vitro\",\"datePublished\":\"2020-07-25T21:38:50+00:00\",\"dateModified\":\"2021-06-28T17:34:26+00:00\",\"mainEntityOfPage\":{\"@id\":\"https:\\\/\\\/procrea.mx\\\/a-42-anos-de-la-primera-fertilizacion-in-vitro\\\/\"},\"wordCount\":457,\"publisher\":{\"@id\":\"https:\\\/\\\/procrea.mx\\\/#organization\"},\"image\":{\"@id\":\"https:\\\/\\\/procrea.mx\\\/a-42-anos-de-la-primera-fertilizacion-in-vitro\\\/#primaryimage\"},\"thumbnailUrl\":\"https:\\\/\\\/procrea.mx\\\/wp-content\\\/uploads\\\/2020\\\/04\\\/embri\u00f3n2.jpg\",\"inLanguage\":\"en-GB\"},{\"@type\":\"WebPage\",\"@id\":\"https:\\\/\\\/procrea.mx\\\/a-42-anos-de-la-primera-fertilizacion-in-vitro\\\/\",\"url\":\"https:\\\/\\\/procrea.mx\\\/a-42-anos-de-la-primera-fertilizacion-in-vitro\\\/\",\"name\":\"A 42 a\u00f1os de la primera fertilizaci\u00f3n in vitro | Procrea\",\"isPartOf\":{\"@id\":\"https:\\\/\\\/procrea.mx\\\/#website\"},\"primaryImageOfPage\":{\"@id\":\"https:\\\/\\\/procrea.mx\\\/a-42-anos-de-la-primera-fertilizacion-in-vitro\\\/#primaryimage\"},\"image\":{\"@id\":\"https:\\\/\\\/procrea.mx\\\/a-42-anos-de-la-primera-fertilizacion-in-vitro\\\/#primaryimage\"},\"thumbnailUrl\":\"https:\\\/\\\/procrea.mx\\\/wp-content\\\/uploads\\\/2020\\\/04\\\/embri\u00f3n2.jpg\",\"datePublished\":\"2020-07-25T21:38:50+00:00\",\"dateModified\":\"2021-06-28T17:34:26+00:00\",\"breadcrumb\":{\"@id\":\"https:\\\/\\\/procrea.mx\\\/a-42-anos-de-la-primera-fertilizacion-in-vitro\\\/#breadcrumb\"},\"inLanguage\":\"en-GB\",\"potentialAction\":[{\"@type\":\"ReadAction\",\"target\":[\"https:\\\/\\\/procrea.mx\\\/a-42-anos-de-la-primera-fertilizacion-in-vitro\\\/\"]}]},{\"@type\":\"ImageObject\",\"inLanguage\":\"en-GB\",\"@id\":\"https:\\\/\\\/procrea.mx\\\/a-42-anos-de-la-primera-fertilizacion-in-vitro\\\/#primaryimage\",\"url\":\"https:\\\/\\\/procrea.mx\\\/wp-content\\\/uploads\\\/2020\\\/04\\\/embri\u00f3n2.jpg\",\"contentUrl\":\"https:\\\/\\\/procrea.mx\\\/wp-content\\\/uploads\\\/2020\\\/04\\\/embri\u00f3n2.jpg\",\"width\":627,\"height\":335},{\"@type\":\"BreadcrumbList\",\"@id\":\"https:\\\/\\\/procrea.mx\\\/a-42-anos-de-la-primera-fertilizacion-in-vitro\\\/#breadcrumb\",\"itemListElement\":[{\"@type\":\"ListItem\",\"position\":1,\"name\":\"Home\",\"item\":\"https:\\\/\\\/procrea.mx\\\/\"},{\"@type\":\"ListItem\",\"position\":2,\"name\":\"A 42 a\u00f1os de la primera fertilizaci\u00f3n in vitro\"}]},{\"@type\":\"WebSite\",\"@id\":\"https:\\\/\\\/procrea.mx\\\/#website\",\"url\":\"https:\\\/\\\/procrea.mx\\\/\",\"name\":\"Procrea\",\"description\":\"Procrea\",\"publisher\":{\"@id\":\"https:\\\/\\\/procrea.mx\\\/#organization\"},\"potentialAction\":[{\"@type\":\"SearchAction\",\"target\":{\"@type\":\"EntryPoint\",\"urlTemplate\":\"https:\\\/\\\/procrea.mx\\\/?s={search_term_string}\"},\"query-input\":{\"@type\":\"PropertyValueSpecification\",\"valueRequired\":true,\"valueName\":\"search_term_string\"}}],\"inLanguage\":\"en-GB\"},{\"@type\":\"Organization\",\"@id\":\"https:\\\/\\\/procrea.mx\\\/#organization\",\"name\":\"Procrea\",\"url\":\"https:\\\/\\\/procrea.mx\\\/\",\"logo\":{\"@type\":\"ImageObject\",\"inLanguage\":\"en-GB\",\"@id\":\"https:\\\/\\\/procrea.mx\\\/#\\\/schema\\\/logo\\\/image\\\/\",\"url\":\"https:\\\/\\\/procrea.mx\\\/wp-content\\\/uploads\\\/2023\\\/06\\\/logo-Procrea_page-0001.jpg\",\"contentUrl\":\"https:\\\/\\\/procrea.mx\\\/wp-content\\\/uploads\\\/2023\\\/06\\\/logo-Procrea_page-0001.jpg\",\"width\":1275,\"height\":386,\"caption\":\"Procrea\"},\"image\":{\"@id\":\"https:\\\/\\\/procrea.mx\\\/#\\\/schema\\\/logo\\\/image\\\/\"},\"sameAs\":[\"https:\\\/\\\/www.facebook.com\\\/procreamx\",\"https:\\\/\\\/www.instagram.com\\\/procrea_mx\\\/\",\"https:\\\/\\\/www.youtube.com\\\/@procreacentrodereproduccio3887\"]},{\"@type\":\"Person\",\"@id\":\"https:\\\/\\\/procrea.mx\\\/#\\\/schema\\\/person\\\/71417c13e0b0a797f95aaf79825722aa\",\"name\":\"Marketing\",\"image\":{\"@type\":\"ImageObject\",\"inLanguage\":\"en-GB\",\"@id\":\"https:\\\/\\\/secure.gravatar.com\\\/avatar\\\/11253a21a7c349c355841b41613b21bcb440963519de83f0507c1dd28f74839f?s=96&d=mm&r=g\",\"url\":\"https:\\\/\\\/secure.gravatar.com\\\/avatar\\\/11253a21a7c349c355841b41613b21bcb440963519de83f0507c1dd28f74839f?s=96&d=mm&r=g\",\"contentUrl\":\"https:\\\/\\\/secure.gravatar.com\\\/avatar\\\/11253a21a7c349c355841b41613b21bcb440963519de83f0507c1dd28f74839f?s=96&d=mm&r=g\",\"caption\":\"Marketing\"},\"url\":\"https:\\\/\\\/procrea.mx\\\/en\\\/author\\\/marketing\\\/\"}]}<\/script>\n<!-- \/ Yoast SEO plugin. -->","yoast_head_json":{"title":"A 42 a\u00f1os de la primera fertilizaci\u00f3n in vitro | Procrea","robots":{"index":"index","follow":"follow","max-snippet":"max-snippet:-1","max-image-preview":"max-image-preview:large","max-video-preview":"max-video-preview:-1"},"canonical":"https:\/\/procrea.mx\/en\/a-42-anos-de-la-primera-fertilizacion-in-vitro\/","og_locale":"en_GB","og_type":"article","og_title":"A 42 a\u00f1os de la primera fertilizaci\u00f3n in vitro | Procrea","og_description":"El 25 de julio de 1978 naci\u00f3 Louise Brown, la primera beb\u00e9 concebida a partir de la t\u00e9cnica de la fertilizaci\u00f3n in vitro, sin duda, fue un parte aguas en el mundo cient\u00edfico y religioso que hizo m\u00faltiples planteamientos sobre el deseo y el derecho de la vida. Los cient\u00edficos Patrick Steptoe y Robert Edwards [&hellip;]","og_url":"https:\/\/procrea.mx\/en\/a-42-anos-de-la-primera-fertilizacion-in-vitro\/","og_site_name":"Procrea","article_publisher":"https:\/\/www.facebook.com\/procreamx","article_published_time":"2020-07-25T21:38:50+00:00","article_modified_time":"2021-06-28T17:34:26+00:00","og_image":[{"width":627,"height":335,"url":"https:\/\/procrea.mx\/wp-content\/uploads\/2020\/04\/embri\u00f3n2.jpg","type":"image\/jpeg"}],"author":"Marketing","twitter_card":"summary_large_image","twitter_misc":{"Written by":"Marketing","Estimated reading time":"2 minutes"},"schema":{"@context":"https:\/\/schema.org","@graph":[{"@type":"Article","@id":"https:\/\/procrea.mx\/a-42-anos-de-la-primera-fertilizacion-in-vitro\/#article","isPartOf":{"@id":"https:\/\/procrea.mx\/a-42-anos-de-la-primera-fertilizacion-in-vitro\/"},"author":{"name":"Marketing","@id":"https:\/\/procrea.mx\/#\/schema\/person\/71417c13e0b0a797f95aaf79825722aa"},"headline":"A 42 a\u00f1os de la primera fertilizaci\u00f3n in vitro","datePublished":"2020-07-25T21:38:50+00:00","dateModified":"2021-06-28T17:34:26+00:00","mainEntityOfPage":{"@id":"https:\/\/procrea.mx\/a-42-anos-de-la-primera-fertilizacion-in-vitro\/"},"wordCount":457,"publisher":{"@id":"https:\/\/procrea.mx\/#organization"},"image":{"@id":"https:\/\/procrea.mx\/a-42-anos-de-la-primera-fertilizacion-in-vitro\/#primaryimage"},"thumbnailUrl":"https:\/\/procrea.mx\/wp-content\/uploads\/2020\/04\/embri\u00f3n2.jpg","inLanguage":"en-GB"},{"@type":"WebPage","@id":"https:\/\/procrea.mx\/a-42-anos-de-la-primera-fertilizacion-in-vitro\/","url":"https:\/\/procrea.mx\/a-42-anos-de-la-primera-fertilizacion-in-vitro\/","name":"A 42 a\u00f1os de la primera fertilizaci\u00f3n in vitro | Procrea","isPartOf":{"@id":"https:\/\/procrea.mx\/#website"},"primaryImageOfPage":{"@id":"https:\/\/procrea.mx\/a-42-anos-de-la-primera-fertilizacion-in-vitro\/#primaryimage"},"image":{"@id":"https:\/\/procrea.mx\/a-42-anos-de-la-primera-fertilizacion-in-vitro\/#primaryimage"},"thumbnailUrl":"https:\/\/procrea.mx\/wp-content\/uploads\/2020\/04\/embri\u00f3n2.jpg","datePublished":"2020-07-25T21:38:50+00:00","dateModified":"2021-06-28T17:34:26+00:00","breadcrumb":{"@id":"https:\/\/procrea.mx\/a-42-anos-de-la-primera-fertilizacion-in-vitro\/#breadcrumb"},"inLanguage":"en-GB","potentialAction":[{"@type":"ReadAction","target":["https:\/\/procrea.mx\/a-42-anos-de-la-primera-fertilizacion-in-vitro\/"]}]},{"@type":"ImageObject","inLanguage":"en-GB","@id":"https:\/\/procrea.mx\/a-42-anos-de-la-primera-fertilizacion-in-vitro\/#primaryimage","url":"https:\/\/procrea.mx\/wp-content\/uploads\/2020\/04\/embri\u00f3n2.jpg","contentUrl":"https:\/\/procrea.mx\/wp-content\/uploads\/2020\/04\/embri\u00f3n2.jpg","width":627,"height":335},{"@type":"BreadcrumbList","@id":"https:\/\/procrea.mx\/a-42-anos-de-la-primera-fertilizacion-in-vitro\/#breadcrumb","itemListElement":[{"@type":"ListItem","position":1,"name":"Home","item":"https:\/\/procrea.mx\/"},{"@type":"ListItem","position":2,"name":"A 42 a\u00f1os de la primera fertilizaci\u00f3n in vitro"}]},{"@type":"WebSite","@id":"https:\/\/procrea.mx\/#website","url":"https:\/\/procrea.mx\/","name":"Procrea","description":"Procrea","publisher":{"@id":"https:\/\/procrea.mx\/#organization"},"potentialAction":[{"@type":"SearchAction","target":{"@type":"EntryPoint","urlTemplate":"https:\/\/procrea.mx\/?s={search_term_string}"},"query-input":{"@type":"PropertyValueSpecification","valueRequired":true,"valueName":"search_term_string"}}],"inLanguage":"en-GB"},{"@type":"Organization","@id":"https:\/\/procrea.mx\/#organization","name":"Procrea","url":"https:\/\/procrea.mx\/","logo":{"@type":"ImageObject","inLanguage":"en-GB","@id":"https:\/\/procrea.mx\/#\/schema\/logo\/image\/","url":"https:\/\/procrea.mx\/wp-content\/uploads\/2023\/06\/logo-Procrea_page-0001.jpg","contentUrl":"https:\/\/procrea.mx\/wp-content\/uploads\/2023\/06\/logo-Procrea_page-0001.jpg","width":1275,"height":386,"caption":"Procrea"},"image":{"@id":"https:\/\/procrea.mx\/#\/schema\/logo\/image\/"},"sameAs":["https:\/\/www.facebook.com\/procreamx","https:\/\/www.instagram.com\/procrea_mx\/","https:\/\/www.youtube.com\/@procreacentrodereproduccio3887"]},{"@type":"Person","@id":"https:\/\/procrea.mx\/#\/schema\/person\/71417c13e0b0a797f95aaf79825722aa","name":"Marketing","image":{"@type":"ImageObject","inLanguage":"en-GB","@id":"https:\/\/secure.gravatar.com\/avatar\/11253a21a7c349c355841b41613b21bcb440963519de83f0507c1dd28f74839f?s=96&d=mm&r=g","url":"https:\/\/secure.gravatar.com\/avatar\/11253a21a7c349c355841b41613b21bcb440963519de83f0507c1dd28f74839f?s=96&d=mm&r=g","contentUrl":"https:\/\/secure.gravatar.com\/avatar\/11253a21a7c349c355841b41613b21bcb440963519de83f0507c1dd28f74839f?s=96&d=mm&r=g","caption":"Marketing"},"url":"https:\/\/procrea.mx\/en\/author\/marketing\/"}]}},"_links":{"self":[{"href":"https:\/\/procrea.mx\/en\/wp-json\/wp\/v2\/posts\/1670","targetHints":{"allow":["GET"]}}],"collection":[{"href":"https:\/\/procrea.mx\/en\/wp-json\/wp\/v2\/posts"}],"about":[{"href":"https:\/\/procrea.mx\/en\/wp-json\/wp\/v2\/types\/post"}],"author":[{"embeddable":true,"href":"https:\/\/procrea.mx\/en\/wp-json\/wp\/v2\/users\/5"}],"replies":[{"embeddable":true,"href":"https:\/\/procrea.mx\/en\/wp-json\/wp\/v2\/comments?post=1670"}],"version-history":[{"count":0,"href":"https:\/\/procrea.mx\/en\/wp-json\/wp\/v2\/posts\/1670\/revisions"}],"wp:featuredmedia":[{"embeddable":true,"href":"https:\/\/procrea.mx\/en\/wp-json\/wp\/v2\/media\/1862"}],"wp:attachment":[{"href":"https:\/\/procrea.mx\/en\/wp-json\/wp\/v2\/media?parent=1670"}],"wp:term":[{"taxonomy":"category","embeddable":true,"href":"https:\/\/procrea.mx\/en\/wp-json\/wp\/v2\/categories?post=1670"},{"taxonomy":"post_tag","embeddable":true,"href":"https:\/\/procrea.mx\/en\/wp-json\/wp\/v2\/tags?post=1670"}],"curies":[{"name":"wp","href":"https:\/\/api.w.org\/{rel}","templated":true}]}}