{"id":1201,"date":"2020-01-21T09:02:48","date_gmt":"2020-01-21T15:02:48","guid":{"rendered":"https:\/\/procreamx.wpengine.com\/?post_type=post-blog&#038;p=1201"},"modified":"2021-06-28T12:34:58","modified_gmt":"2021-06-28T17:34:58","slug":"el-aborto-espontaneo-un-riesgo-para-el-embarazo","status":"publish","type":"post","link":"https:\/\/procrea.mx\/en\/el-aborto-espontaneo-un-riesgo-para-el-embarazo\/","title":{"rendered":"El aborto espontaneo, un riesgo para el embarazo"},"content":{"rendered":"<p>Cuando una mujer busca y logra el <strong>pregnancy<\/strong>, en muchas ocasiones desestima las estad\u00edsticas de los problemas que pueden presentarse.\u00a0 Una afecci\u00f3n com\u00fan que sufren muchas embarazadas es el aborto espont\u00e1neo, que es la p\u00e9rdida del <strong>embryo<\/strong> involuntariamente antes de la semana 20 del <strong>pregnancy<\/strong>.<\/p>\n<p>La mayor\u00eda de las p\u00e9rdidas ocurren antes de los 3 meses de gestaci\u00f3n, muchas ni siquiera ten\u00edan conocimiento de que se estaba llevando a cabo el <strong>pregnancy<\/strong>, sin embargo, en ocasiones resulta emocionalmente dif\u00edcil y puede conllevar duelo o miedo, sobre todo cuando se busca con gran ah\u00ednco o este fen\u00f3meno se ha presentado en otra ocasi\u00f3n. Se trata de cifras importantes ya que cerca del 20% de los embarazos terminar\u00e1n en una p\u00e9rdida.<\/p>\n<p>Es importante mencionar que en los tratamientos de reproducci\u00f3n asistida como la <a href=\"https:\/\/procrea.mx\/reprod-asistida\/fertilizacion-in-vitro\/\"><strong>in vitro fertilization treatment<\/strong><\/a> or <strong>mini IVF <\/strong>se suele tener grandes tasas de abortos en los primeros intentos, en primer lugar, se debe a que el proceso de <strong>pregnancy<\/strong> no se ha llevado de manera natural a pesar de que los medicamentos ayudan a recrear las condiciones ideales para que este pueda lograrse. Es por eso que cuando el <strong>pregnancy<\/strong> ocurre por medio de alguno de estos tratamientos en muchas ocasiones se prefiere hacer estudios previos que aseguran la calidad del <strong>embryo <\/strong>como el <a href=\"https:\/\/procrea.mx\/reprod-asistida\/pgt-m\/\"><strong>PGT-M<\/strong><\/a> or <a href=\"https:\/\/procrea.mx\/reprod-asistida\/pgt-a\/\"><strong>Preimplantation Genetic Testing for Aneuploidy (PGT-A<\/strong><\/a>, o bien diagn\u00f3sticos que estudian las condiciones que presenta el endometrio antes de la implantaci\u00f3n como el <strong><a href=\"https:\/\/procrea.mx\/reprod-asistida\/analisis-de-receptividad-endometrial-era\/\">TEST ERA<\/a>, <a href=\"https:\/\/procrea.mx\/reprod-asistida\/analisis-metagenomico-del-microbioma-endometrial-emma\/\">TEST EMMA<\/a>, <a href=\"https:\/\/procrea.mx\/reprod-asistida\/test-alice\/\">TEST ALICE<\/a><\/strong>.<\/p>\n<h2>Symptoms<\/h2>\n<p>Los primeros s\u00edntomas del aborto son sangrado y dolor p\u00e9lvico, despu\u00e9s de esto viene desinflamaci\u00f3n del vientre y desaparici\u00f3n de s\u00edntomas del <strong>pregnancy<\/strong>. La p\u00e9rdida puede darse de diversas maneras, de forma total cuando la hemorragia aumenta, el cuello uterino se abre y el <strong>embryo<\/strong> sale por completo, parcial o incompleto, cuando s\u00f3lo sale una parte de este o bien presenta retenci\u00f3n del <strong>embri\u00f3n,<\/strong> pero con muerte fetal, en todos los casos es importante acudir al m\u00e9dico, sin embargo, cuando no se tiene la certeza de haber arrojado el feto por completo es necesario realizar estudios y procedimientos lo antes posible que eviten infecciones y complicaciones.<\/p>\n<h2>Causes<\/h2>\n<p>Hay diferentes razones por las que ocurre un aborto espont\u00e1neo, la m\u00e1s com\u00fan se debe a un defecto en los cromosomas del <strong>embryo<\/strong> que no tiene que ver con la herencia de los padres. De igual forma, por enfermedades cr\u00f3nicas como la diabetes, consumo excesivo de alcohol, tabaco o uso de drogas, problemas en el \u00fatero o cuello uterino, el sobrepeso tambi\u00e9n est\u00e1 vinculado a mayor riesgo de aborto y la edad es uno de los factores clave, despu\u00e9s de los 35 a\u00f1os el riesgo de padecerlo va en aumento.<\/p>\n<h2>\u00bfQu\u00e9 actividades puedo realizar?<\/h2>\n<p>Realizar ejercicio, incluidas las actividades de alto impacto como correr o andar en bicicleta no son un factor de riesgo si el <strong>pregnancy<\/strong> tiene un desarrollo sano, mantener relaciones sexuales tampoco presenta ninguna relaci\u00f3n con un aborto, es posible disfrutar de la sexualidad en esta etapa, trabajar es tambi\u00e9n seguro mientras no se est\u00e9 en contacto con alguna sustancia t\u00f3xica que afecte el <strong>embarazo, <\/strong>para determinar que actividades son factibles a llevar a cabo es importante acudir al m\u00e9dico para orientaci\u00f3n ya que cada caso es particular.<\/p>\n<h2>Prevenci\u00f3n<\/h2>\n<p>Si bien no existen recomendaciones exactas para prevenir un aborto espont\u00e1neo, es importante que el control prenatal lo lleve un profesional de la salud que conozca tu historia m\u00e9dica para que pueda recomendarte que acciones llevar a cabo. Evitar drogas, cafe\u00edna, alcohol y tomar un multivitam\u00ednico ser\u00e1 un gran aliado de tu cuerpo y puede evitarlo. De igual forma llevar una vida sana, comer equilibradamente, realizar ejercicio regularmente dan a tu cuerpo la fortaleza necesaria para mantener un <strong>pregnancy<\/strong> saludable cuando lo consigas.<\/p>\n<p>At <a href=\"https:\/\/procrea.mx\/\"><strong>PROCREA<\/strong><\/a> conocemos tus sue\u00f1os, sabemos que tu objetivo es llevar a fin tu <strong>pregnancy<\/strong> de manera exitosa por eso tenemos a los mejores especialistas en ginecolog\u00eda, obstetricia y medicina materno fetal, <a href=\"https:\/\/procrea.mx\/contacto\/\"><strong>schedule an appointment<\/strong><\/a> para comenzar a cuidarte. Una vez logrado el <strong>embarazo,<\/strong> daremos el seguimiento asiduo para diagnosticar y atender cualquier anormalidad que se pueda presentar. La importancia radica en realizar un diagn\u00f3stico que nos indique las condiciones del embri\u00f3n y si hay o no posibilidad de aborto espontaneo.<\/p>","protected":false},"excerpt":{"rendered":"<p>Cuando una mujer busca y logra el embarazo, en muchas ocasiones desestima las estad\u00edsticas de los problemas que pueden presentarse.\u00a0 Una afecci\u00f3n com\u00fan que sufren muchas embarazadas es el aborto espont\u00e1neo, que es la p\u00e9rdida del embri\u00f3n involuntariamente antes de la semana 20 del embarazo. La mayor\u00eda de las p\u00e9rdidas ocurren antes de los 3 [&hellip;]<\/p>\n","protected":false},"author":5,"featured_media":1809,"comment_status":"closed","ping_status":"closed","sticky":false,"template":"","format":"standard","meta":{"footnotes":""},"categories":[],"tags":[],"class_list":["post-1201","post","type-post","status-publish","format-standard","has-post-thumbnail","hentry"],"yoast_head":"<!-- This site is optimized with the Yoast SEO plugin v27.4 - https:\/\/yoast.com\/product\/yoast-seo-wordpress\/ -->\n<title>El aborto espontaneo, un riesgo para el embarazo | Procrea<\/title>\n<meta name=\"description\" content=\"El aborto es una de las principales causas que afectan el embarazo. Conoce como prevenirlo y tratarlo. Te ayudamos a identidicar los s\u00edntomas.\" \/>\n<meta name=\"robots\" content=\"index, follow, max-snippet:-1, max-image-preview:large, max-video-preview:-1\" \/>\n<link rel=\"canonical\" href=\"https:\/\/procrea.mx\/en\/el-aborto-espontaneo-un-riesgo-para-el-embarazo\/\" \/>\n<meta property=\"og:locale\" content=\"en_GB\" \/>\n<meta property=\"og:type\" content=\"article\" \/>\n<meta property=\"og:title\" content=\"El aborto espontaneo, un riesgo para el embarazo | Procrea\" \/>\n<meta property=\"og:description\" content=\"El aborto es una de las principales causas que afectan el embarazo. Conoce como prevenirlo y tratarlo. Te ayudamos a identidicar los s\u00edntomas.\" \/>\n<meta property=\"og:url\" content=\"https:\/\/procrea.mx\/en\/el-aborto-espontaneo-un-riesgo-para-el-embarazo\/\" \/>\n<meta property=\"og:site_name\" content=\"Procrea\" \/>\n<meta property=\"article:publisher\" content=\"https:\/\/www.facebook.com\/procreamx\" \/>\n<meta property=\"article:published_time\" content=\"2020-01-21T15:02:48+00:00\" \/>\n<meta property=\"article:modified_time\" content=\"2021-06-28T17:34:58+00:00\" \/>\n<meta property=\"og:image\" content=\"https:\/\/procrea.mx\/wp-content\/uploads\/2020\/01\/embarazo2.jpg\" \/>\n\t<meta property=\"og:image:width\" content=\"627\" \/>\n\t<meta property=\"og:image:height\" content=\"335\" \/>\n\t<meta property=\"og:image:type\" content=\"image\/jpeg\" \/>\n<meta name=\"author\" content=\"Marketing\" \/>\n<meta name=\"twitter:card\" content=\"summary_large_image\" \/>\n<meta name=\"twitter:label1\" content=\"Written by\" \/>\n\t<meta name=\"twitter:data1\" content=\"Marketing\" \/>\n\t<meta name=\"twitter:label2\" content=\"Estimated reading time\" \/>\n\t<meta name=\"twitter:data2\" content=\"4 minutes\" \/>\n<script type=\"application\/ld+json\" class=\"yoast-schema-graph\">{\"@context\":\"https:\\\/\\\/schema.org\",\"@graph\":[{\"@type\":\"Article\",\"@id\":\"https:\\\/\\\/procrea.mx\\\/el-aborto-espontaneo-un-riesgo-para-el-embarazo\\\/#article\",\"isPartOf\":{\"@id\":\"https:\\\/\\\/procrea.mx\\\/el-aborto-espontaneo-un-riesgo-para-el-embarazo\\\/\"},\"author\":{\"name\":\"Marketing\",\"@id\":\"https:\\\/\\\/procrea.mx\\\/#\\\/schema\\\/person\\\/71417c13e0b0a797f95aaf79825722aa\"},\"headline\":\"El aborto espontaneo, un riesgo para el embarazo\",\"datePublished\":\"2020-01-21T15:02:48+00:00\",\"dateModified\":\"2021-06-28T17:34:58+00:00\",\"mainEntityOfPage\":{\"@id\":\"https:\\\/\\\/procrea.mx\\\/el-aborto-espontaneo-un-riesgo-para-el-embarazo\\\/\"},\"wordCount\":754,\"publisher\":{\"@id\":\"https:\\\/\\\/procrea.mx\\\/#organization\"},\"image\":{\"@id\":\"https:\\\/\\\/procrea.mx\\\/el-aborto-espontaneo-un-riesgo-para-el-embarazo\\\/#primaryimage\"},\"thumbnailUrl\":\"https:\\\/\\\/procrea.mx\\\/wp-content\\\/uploads\\\/2020\\\/01\\\/embarazo2.jpg\",\"inLanguage\":\"en-GB\"},{\"@type\":\"WebPage\",\"@id\":\"https:\\\/\\\/procrea.mx\\\/el-aborto-espontaneo-un-riesgo-para-el-embarazo\\\/\",\"url\":\"https:\\\/\\\/procrea.mx\\\/el-aborto-espontaneo-un-riesgo-para-el-embarazo\\\/\",\"name\":\"El aborto espontaneo, un riesgo para el embarazo | Procrea\",\"isPartOf\":{\"@id\":\"https:\\\/\\\/procrea.mx\\\/#website\"},\"primaryImageOfPage\":{\"@id\":\"https:\\\/\\\/procrea.mx\\\/el-aborto-espontaneo-un-riesgo-para-el-embarazo\\\/#primaryimage\"},\"image\":{\"@id\":\"https:\\\/\\\/procrea.mx\\\/el-aborto-espontaneo-un-riesgo-para-el-embarazo\\\/#primaryimage\"},\"thumbnailUrl\":\"https:\\\/\\\/procrea.mx\\\/wp-content\\\/uploads\\\/2020\\\/01\\\/embarazo2.jpg\",\"datePublished\":\"2020-01-21T15:02:48+00:00\",\"dateModified\":\"2021-06-28T17:34:58+00:00\",\"description\":\"El aborto es una de las principales causas que afectan el embarazo. Conoce como prevenirlo y tratarlo. Te ayudamos a identidicar los s\u00edntomas.\",\"breadcrumb\":{\"@id\":\"https:\\\/\\\/procrea.mx\\\/el-aborto-espontaneo-un-riesgo-para-el-embarazo\\\/#breadcrumb\"},\"inLanguage\":\"en-GB\",\"potentialAction\":[{\"@type\":\"ReadAction\",\"target\":[\"https:\\\/\\\/procrea.mx\\\/el-aborto-espontaneo-un-riesgo-para-el-embarazo\\\/\"]}]},{\"@type\":\"ImageObject\",\"inLanguage\":\"en-GB\",\"@id\":\"https:\\\/\\\/procrea.mx\\\/el-aborto-espontaneo-un-riesgo-para-el-embarazo\\\/#primaryimage\",\"url\":\"https:\\\/\\\/procrea.mx\\\/wp-content\\\/uploads\\\/2020\\\/01\\\/embarazo2.jpg\",\"contentUrl\":\"https:\\\/\\\/procrea.mx\\\/wp-content\\\/uploads\\\/2020\\\/01\\\/embarazo2.jpg\",\"width\":627,\"height\":335},{\"@type\":\"BreadcrumbList\",\"@id\":\"https:\\\/\\\/procrea.mx\\\/el-aborto-espontaneo-un-riesgo-para-el-embarazo\\\/#breadcrumb\",\"itemListElement\":[{\"@type\":\"ListItem\",\"position\":1,\"name\":\"Home\",\"item\":\"https:\\\/\\\/procrea.mx\\\/\"},{\"@type\":\"ListItem\",\"position\":2,\"name\":\"El aborto espontaneo, un riesgo para el embarazo\"}]},{\"@type\":\"WebSite\",\"@id\":\"https:\\\/\\\/procrea.mx\\\/#website\",\"url\":\"https:\\\/\\\/procrea.mx\\\/\",\"name\":\"Procrea\",\"description\":\"Procrea\",\"publisher\":{\"@id\":\"https:\\\/\\\/procrea.mx\\\/#organization\"},\"potentialAction\":[{\"@type\":\"SearchAction\",\"target\":{\"@type\":\"EntryPoint\",\"urlTemplate\":\"https:\\\/\\\/procrea.mx\\\/?s={search_term_string}\"},\"query-input\":{\"@type\":\"PropertyValueSpecification\",\"valueRequired\":true,\"valueName\":\"search_term_string\"}}],\"inLanguage\":\"en-GB\"},{\"@type\":\"Organization\",\"@id\":\"https:\\\/\\\/procrea.mx\\\/#organization\",\"name\":\"Procrea\",\"url\":\"https:\\\/\\\/procrea.mx\\\/\",\"logo\":{\"@type\":\"ImageObject\",\"inLanguage\":\"en-GB\",\"@id\":\"https:\\\/\\\/procrea.mx\\\/#\\\/schema\\\/logo\\\/image\\\/\",\"url\":\"https:\\\/\\\/procrea.mx\\\/wp-content\\\/uploads\\\/2023\\\/06\\\/logo-Procrea_page-0001.jpg\",\"contentUrl\":\"https:\\\/\\\/procrea.mx\\\/wp-content\\\/uploads\\\/2023\\\/06\\\/logo-Procrea_page-0001.jpg\",\"width\":1275,\"height\":386,\"caption\":\"Procrea\"},\"image\":{\"@id\":\"https:\\\/\\\/procrea.mx\\\/#\\\/schema\\\/logo\\\/image\\\/\"},\"sameAs\":[\"https:\\\/\\\/www.facebook.com\\\/procreamx\",\"https:\\\/\\\/www.instagram.com\\\/procrea_mx\\\/\",\"https:\\\/\\\/www.youtube.com\\\/@procreacentrodereproduccio3887\"]},{\"@type\":\"Person\",\"@id\":\"https:\\\/\\\/procrea.mx\\\/#\\\/schema\\\/person\\\/71417c13e0b0a797f95aaf79825722aa\",\"name\":\"Marketing\",\"image\":{\"@type\":\"ImageObject\",\"inLanguage\":\"en-GB\",\"@id\":\"https:\\\/\\\/secure.gravatar.com\\\/avatar\\\/11253a21a7c349c355841b41613b21bcb440963519de83f0507c1dd28f74839f?s=96&d=mm&r=g\",\"url\":\"https:\\\/\\\/secure.gravatar.com\\\/avatar\\\/11253a21a7c349c355841b41613b21bcb440963519de83f0507c1dd28f74839f?s=96&d=mm&r=g\",\"contentUrl\":\"https:\\\/\\\/secure.gravatar.com\\\/avatar\\\/11253a21a7c349c355841b41613b21bcb440963519de83f0507c1dd28f74839f?s=96&d=mm&r=g\",\"caption\":\"Marketing\"},\"url\":\"https:\\\/\\\/procrea.mx\\\/en\\\/author\\\/marketing\\\/\"}]}<\/script>\n<!-- \/ Yoast SEO plugin. -->","yoast_head_json":{"title":"El aborto espontaneo, un riesgo para el embarazo | Procrea","description":"El aborto es una de las principales causas que afectan el embarazo. Conoce como prevenirlo y tratarlo. Te ayudamos a identidicar los s\u00edntomas.","robots":{"index":"index","follow":"follow","max-snippet":"max-snippet:-1","max-image-preview":"max-image-preview:large","max-video-preview":"max-video-preview:-1"},"canonical":"https:\/\/procrea.mx\/en\/el-aborto-espontaneo-un-riesgo-para-el-embarazo\/","og_locale":"en_GB","og_type":"article","og_title":"El aborto espontaneo, un riesgo para el embarazo | Procrea","og_description":"El aborto es una de las principales causas que afectan el embarazo. Conoce como prevenirlo y tratarlo. Te ayudamos a identidicar los s\u00edntomas.","og_url":"https:\/\/procrea.mx\/en\/el-aborto-espontaneo-un-riesgo-para-el-embarazo\/","og_site_name":"Procrea","article_publisher":"https:\/\/www.facebook.com\/procreamx","article_published_time":"2020-01-21T15:02:48+00:00","article_modified_time":"2021-06-28T17:34:58+00:00","og_image":[{"width":627,"height":335,"url":"https:\/\/procrea.mx\/wp-content\/uploads\/2020\/01\/embarazo2.jpg","type":"image\/jpeg"}],"author":"Marketing","twitter_card":"summary_large_image","twitter_misc":{"Written by":"Marketing","Estimated reading time":"4 minutes"},"schema":{"@context":"https:\/\/schema.org","@graph":[{"@type":"Article","@id":"https:\/\/procrea.mx\/el-aborto-espontaneo-un-riesgo-para-el-embarazo\/#article","isPartOf":{"@id":"https:\/\/procrea.mx\/el-aborto-espontaneo-un-riesgo-para-el-embarazo\/"},"author":{"name":"Marketing","@id":"https:\/\/procrea.mx\/#\/schema\/person\/71417c13e0b0a797f95aaf79825722aa"},"headline":"El aborto espontaneo, un riesgo para el embarazo","datePublished":"2020-01-21T15:02:48+00:00","dateModified":"2021-06-28T17:34:58+00:00","mainEntityOfPage":{"@id":"https:\/\/procrea.mx\/el-aborto-espontaneo-un-riesgo-para-el-embarazo\/"},"wordCount":754,"publisher":{"@id":"https:\/\/procrea.mx\/#organization"},"image":{"@id":"https:\/\/procrea.mx\/el-aborto-espontaneo-un-riesgo-para-el-embarazo\/#primaryimage"},"thumbnailUrl":"https:\/\/procrea.mx\/wp-content\/uploads\/2020\/01\/embarazo2.jpg","inLanguage":"en-GB"},{"@type":"WebPage","@id":"https:\/\/procrea.mx\/el-aborto-espontaneo-un-riesgo-para-el-embarazo\/","url":"https:\/\/procrea.mx\/el-aborto-espontaneo-un-riesgo-para-el-embarazo\/","name":"El aborto espontaneo, un riesgo para el embarazo | Procrea","isPartOf":{"@id":"https:\/\/procrea.mx\/#website"},"primaryImageOfPage":{"@id":"https:\/\/procrea.mx\/el-aborto-espontaneo-un-riesgo-para-el-embarazo\/#primaryimage"},"image":{"@id":"https:\/\/procrea.mx\/el-aborto-espontaneo-un-riesgo-para-el-embarazo\/#primaryimage"},"thumbnailUrl":"https:\/\/procrea.mx\/wp-content\/uploads\/2020\/01\/embarazo2.jpg","datePublished":"2020-01-21T15:02:48+00:00","dateModified":"2021-06-28T17:34:58+00:00","description":"El aborto es una de las principales causas que afectan el embarazo. Conoce como prevenirlo y tratarlo. Te ayudamos a identidicar los s\u00edntomas.","breadcrumb":{"@id":"https:\/\/procrea.mx\/el-aborto-espontaneo-un-riesgo-para-el-embarazo\/#breadcrumb"},"inLanguage":"en-GB","potentialAction":[{"@type":"ReadAction","target":["https:\/\/procrea.mx\/el-aborto-espontaneo-un-riesgo-para-el-embarazo\/"]}]},{"@type":"ImageObject","inLanguage":"en-GB","@id":"https:\/\/procrea.mx\/el-aborto-espontaneo-un-riesgo-para-el-embarazo\/#primaryimage","url":"https:\/\/procrea.mx\/wp-content\/uploads\/2020\/01\/embarazo2.jpg","contentUrl":"https:\/\/procrea.mx\/wp-content\/uploads\/2020\/01\/embarazo2.jpg","width":627,"height":335},{"@type":"BreadcrumbList","@id":"https:\/\/procrea.mx\/el-aborto-espontaneo-un-riesgo-para-el-embarazo\/#breadcrumb","itemListElement":[{"@type":"ListItem","position":1,"name":"Home","item":"https:\/\/procrea.mx\/"},{"@type":"ListItem","position":2,"name":"El aborto espontaneo, un riesgo para el embarazo"}]},{"@type":"WebSite","@id":"https:\/\/procrea.mx\/#website","url":"https:\/\/procrea.mx\/","name":"Procrea","description":"Procrea","publisher":{"@id":"https:\/\/procrea.mx\/#organization"},"potentialAction":[{"@type":"SearchAction","target":{"@type":"EntryPoint","urlTemplate":"https:\/\/procrea.mx\/?s={search_term_string}"},"query-input":{"@type":"PropertyValueSpecification","valueRequired":true,"valueName":"search_term_string"}}],"inLanguage":"en-GB"},{"@type":"Organization","@id":"https:\/\/procrea.mx\/#organization","name":"Procrea","url":"https:\/\/procrea.mx\/","logo":{"@type":"ImageObject","inLanguage":"en-GB","@id":"https:\/\/procrea.mx\/#\/schema\/logo\/image\/","url":"https:\/\/procrea.mx\/wp-content\/uploads\/2023\/06\/logo-Procrea_page-0001.jpg","contentUrl":"https:\/\/procrea.mx\/wp-content\/uploads\/2023\/06\/logo-Procrea_page-0001.jpg","width":1275,"height":386,"caption":"Procrea"},"image":{"@id":"https:\/\/procrea.mx\/#\/schema\/logo\/image\/"},"sameAs":["https:\/\/www.facebook.com\/procreamx","https:\/\/www.instagram.com\/procrea_mx\/","https:\/\/www.youtube.com\/@procreacentrodereproduccio3887"]},{"@type":"Person","@id":"https:\/\/procrea.mx\/#\/schema\/person\/71417c13e0b0a797f95aaf79825722aa","name":"Marketing","image":{"@type":"ImageObject","inLanguage":"en-GB","@id":"https:\/\/secure.gravatar.com\/avatar\/11253a21a7c349c355841b41613b21bcb440963519de83f0507c1dd28f74839f?s=96&d=mm&r=g","url":"https:\/\/secure.gravatar.com\/avatar\/11253a21a7c349c355841b41613b21bcb440963519de83f0507c1dd28f74839f?s=96&d=mm&r=g","contentUrl":"https:\/\/secure.gravatar.com\/avatar\/11253a21a7c349c355841b41613b21bcb440963519de83f0507c1dd28f74839f?s=96&d=mm&r=g","caption":"Marketing"},"url":"https:\/\/procrea.mx\/en\/author\/marketing\/"}]}},"_links":{"self":[{"href":"https:\/\/procrea.mx\/en\/wp-json\/wp\/v2\/posts\/1201","targetHints":{"allow":["GET"]}}],"collection":[{"href":"https:\/\/procrea.mx\/en\/wp-json\/wp\/v2\/posts"}],"about":[{"href":"https:\/\/procrea.mx\/en\/wp-json\/wp\/v2\/types\/post"}],"author":[{"embeddable":true,"href":"https:\/\/procrea.mx\/en\/wp-json\/wp\/v2\/users\/5"}],"replies":[{"embeddable":true,"href":"https:\/\/procrea.mx\/en\/wp-json\/wp\/v2\/comments?post=1201"}],"version-history":[{"count":0,"href":"https:\/\/procrea.mx\/en\/wp-json\/wp\/v2\/posts\/1201\/revisions"}],"wp:featuredmedia":[{"embeddable":true,"href":"https:\/\/procrea.mx\/en\/wp-json\/wp\/v2\/media\/1809"}],"wp:attachment":[{"href":"https:\/\/procrea.mx\/en\/wp-json\/wp\/v2\/media?parent=1201"}],"wp:term":[{"taxonomy":"category","embeddable":true,"href":"https:\/\/procrea.mx\/en\/wp-json\/wp\/v2\/categories?post=1201"},{"taxonomy":"post_tag","embeddable":true,"href":"https:\/\/procrea.mx\/en\/wp-json\/wp\/v2\/tags?post=1201"}],"curies":[{"name":"wp","href":"https:\/\/api.w.org\/{rel}","templated":true}]}}